{"id":11065,"date":"2020-07-20T15:46:01","date_gmt":"2020-07-20T20:46:01","guid":{"rendered":"http:\/\/localhost\/wordpress\/?p=10643"},"modified":"2020-07-20T15:46:01","modified_gmt":"2020-07-20T20:46:01","slug":"regimen-agrario-cambios-en-el-reglamento-de-las-normas-de-promocion-del-sector-agrario","status":"publish","type":"post","link":"https:\/\/gsalegal.pe\/en\/regimen-agrario-cambios-en-el-reglamento-de-las-normas-de-promocion-del-sector-agrario\/","title":{"rendered":"REGIMEN AGRARIO: Cambios en el Reglamento de las normas de promoci\u00f3n del Sector Agrario"},"content":{"rendered":"\n<p>El 14 de julio de 2020, se public\u00f3 el Decreto Supremo N\u00b0006-2020-MINAGRI el mismo que adec\u00faa diversos art\u00edculos del Reglamento de la Ley N\u00b027360, Ley que aprueba las Normas de Promoci\u00f3n del Sector Agrario, a lo dispuesto en el Decreto de Urgencia N\u00b0043-2019, el cual, a su vez, modifica dicha ley para promover y mejorar las condiciones de sector agrario.<\/p>\n\n\n\n<p>En ese sentido, la norma comentada contiene las siguientes disposiciones de car\u00e1cter laboral:<\/p>\n\n\n\n<figure class=\"wp-block-table\"><table><tbody><tr><td><strong>Seguridad Social<\/strong><\/td><td>&#8211; El aporte al Seguro de Salud Agrario para los trabajadores dependientes es mensual,\u00a0de cargo del empleador y equivalente al 6% de la remuneraci\u00f3n b\u00e1sica del trabajador.<br>&#8211; El aporte mensual se reajusta de manera progresiva hasta llegar al nueve por 9% de acuerdo con el siguiente detalle:<br>i) Siete por ciento (7 %) a partir del 1\u00b0 de enero de 2025;<br>ii) Ocho por ciento (8 %) a partir del 1\u00b0 de enero de 2027; y,<br>iii) Nueve por ciento (9 %) a partir del 1\u00b0 de enero del 2029.<br>&#8211; En los trabajadores independientes, el aporte es de cargo del propio trabajador y es equivalente al 4% de la Remuneraci\u00f3n M\u00ednima Vital.<\/td><\/tr><tr><td><strong>Remuneraci\u00f3n Vacacional<\/strong><strong><\/strong><\/td><td>&#8211; La remuneraci\u00f3n vacacional asciende a treinta (30) remuneraciones diarias y dem\u00e1s conceptos remunerativos que resulten aplicables.<br>&#8211; El descanso vacacional es por 30 (treinta) d\u00edas calendario remunerados por a\u00f1o de servicio o la fracci\u00f3n que corresponda. La fracci\u00f3n corresponde al pago proporcional de la remuneraci\u00f3n vacacional considerando el r\u00e9cord trunco.<br>&#8211; Los r\u00e9cords vacacionales generados hasta el 31 de diciembre de 2019, son computados bajo el r\u00e9gimen existente en ese momento.<\/td><\/tr><tr><td><strong>Protecci\u00f3n en Periodo de Carencia<\/strong><strong><\/strong><\/td><td>&#8211; El trabajador SIS goza de todos los beneficios que le brinda dicho seguro, incluso mientras se encuentre en periodo de carencia en ESSALUD.<br>&#8211; Durante el periodo de carencia, las prestaciones cubiertas por ESSALUD corresponden a emergencia accidental, conforme al Seguro Complementario de Trabajo de Riesgo, siempre que el empleador lo tuviera contratado con ESSALUD. Para ello, el trabajador debe ser reportado en el Registro de Afiliados al Aseguramiento Universal en Salud (AUS)<\/td><\/tr><tr><td><strong>Recuperaci\u00f3n Autom\u00e1tica al Seguro Integral de Salud<\/strong><strong><\/strong><\/td><td>&#8211; La afiliaci\u00f3n al SIS del trabajador cuyo contrato de trabajo culmina y no es renovado se realiza conforme al marco legal correspondiente. <br>&#8211; El empleador efect\u00faa la baja en el T-REGISTRO dentro del primer d\u00eda h\u00e1bil siguiente a la fecha en que se produjo el t\u00e9rmino del contrato.<br>&#8211; Dentro del tercer d\u00eda h\u00e1bil siguiente de informada la baja en el T-REGISTRO, ESSALUD y SUSALUD actualizan la informaci\u00f3n pertinente, a efectos que el SIS verifique la no afiliaci\u00f3n a otro seguro de salud. En ning\u00fan caso el tr\u00e1mite limita la atenci\u00f3n en el SIS.<\/td><\/tr><tr><td><strong>Remuneraci\u00f3n Asegurable<\/strong><strong><\/strong><\/td><td>&#8211; El aporte al r\u00e9gimen previsional se determina sobre la remuneraci\u00f3n asegurable del trabajador seg\u00fan las normas previsionales.<\/td><\/tr><\/tbody><\/table><\/figure>\n\n\n\n<hr class=\"wp-block-separator\"\/>\n\n\n\n<p>Para mayor informaci\u00f3n sobre el tema tratado contactarse con los abogados de nuestra \u00c1rea Laboral: <\/p>\n\n\n\n<p>Alberto Varillas Cueto, Jaime Durand Planas, Macarena Morales Mailhe, Claudia Seminario G\u00f3mez, Fressia Sanchez Tu\u00f1oque, Sara Kalinicos Garc\u00eda, Jos\u00e9 Andr\u00e9s Piedra Pereira; y Grecia Elena Aldonate Pinto.<\/p>\n\n\n\n<hr class=\"wp-block-separator\"\/>\n\n\n\n<p><em>La informaci\u00f3n contenida en este documento no constituye ni pretende constituir asesor\u00eda o asistencia legal directa o indirecta de ninguna especie, ni establece ning\u00fan tipo de relaci\u00f3n profesional. <\/em><\/p>\n\n\n\n<p><em>Asimismo, tampoco pretende hacer publicidad de los servicios prestados por nuestra firma ni por ninguno de sus abogados. El \u00fanico prop\u00f3sito es dar informaci\u00f3n de car\u00e1cter general respecto de temas que pueden ser de inter\u00e9s para los clientes y amigos de nuestra firma. Este informativo, as\u00ed como otros informes generales y art\u00edculos de inter\u00e9s preparados por los abogados del Estudio podr\u00e1n encontrarse en nuestra p\u00e1gina web: <a href=\"http:\/\/localhost\/wordpress.pe\" target=\"_blank\" rel=\"noreferrer noopener\">www.garciasayan.com.pe<\/a><\/em><\/p>\n","protected":false},"excerpt":{"rendered":"<p>El 14 de julio de 2020, se public\u00f3 el Decreto Supremo N\u00b0006-2020-MINAGRI el mismo que adec\u00faa diversos art\u00edculos del Reglamento de la Ley N\u00b027360, Ley que aprueba las Normas de Promoci\u00f3n del Sector Agrario, a lo dispuesto en el Decreto de Urgencia N\u00b0043-2019, el cual, a su vez, modifica dicha ley para promover y mejorar [&hellip;]<\/p>\n","protected":false},"author":5,"featured_media":11066,"comment_status":"closed","ping_status":"open","sticky":false,"template":"","format":"standard","meta":{"nf_dc_page":"","content-type":"","footnotes":""},"categories":[83,37],"class_list":["post-11065","post","type-post","status-publish","format-standard","has-post-thumbnail","hentry","category-covid-19","category-laboral"],"_links":{"self":[{"href":"https:\/\/gsalegal.pe\/en\/wp-json\/wp\/v2\/posts\/11065","targetHints":{"allow":["GET"]}}],"collection":[{"href":"https:\/\/gsalegal.pe\/en\/wp-json\/wp\/v2\/posts"}],"about":[{"href":"https:\/\/gsalegal.pe\/en\/wp-json\/wp\/v2\/types\/post"}],"author":[{"embeddable":true,"href":"https:\/\/gsalegal.pe\/en\/wp-json\/wp\/v2\/users\/5"}],"replies":[{"embeddable":true,"href":"https:\/\/gsalegal.pe\/en\/wp-json\/wp\/v2\/comments?post=11065"}],"version-history":[{"count":0,"href":"https:\/\/gsalegal.pe\/en\/wp-json\/wp\/v2\/posts\/11065\/revisions"}],"wp:featuredmedia":[{"embeddable":true,"href":"https:\/\/gsalegal.pe\/en\/wp-json\/"}],"wp:attachment":[{"href":"https:\/\/gsalegal.pe\/en\/wp-json\/wp\/v2\/media?parent=11065"}],"wp:term":[{"taxonomy":"category","embeddable":true,"href":"https:\/\/gsalegal.pe\/en\/wp-json\/wp\/v2\/categories?post=11065"}],"curies":[{"name":"wp","href":"https:\/\/api.w.org\/{rel}","templated":true}]}}