{"id":11067,"date":"2020-07-18T11:48:22","date_gmt":"2020-07-18T16:48:22","guid":{"rendered":"http:\/\/localhost\/wordpress\/?p=10640"},"modified":"2020-07-18T11:48:22","modified_gmt":"2020-07-18T16:48:22","slug":"consejo-ejecutivo-del-poder-judicial-crea-casillas-electronicas-institucionales-para-emplazamientos","status":"publish","type":"post","link":"https:\/\/gsalegal.pe\/en\/consejo-ejecutivo-del-poder-judicial-crea-casillas-electronicas-institucionales-para-emplazamientos\/","title":{"rendered":"Consejo Ejecutivo del Poder Judicial crea Casillas Electr\u00f3nicas Institucionales para emplazamientos"},"content":{"rendered":"\n<p>El Consejo Ejecutivo del Poder Judicial por Resoluci\u00f3n Administrativa N\u00b0 000189-2020-CE-PJ, del 16 de julio 2020, dispone crear el \u201cRegistro de Casillas Electr\u00f3nicas Institucionales para fines de Emplazamientos Judiciales o Citaci\u00f3n con la Demanda (RECEI)\u201d. La Secretar\u00eda General del Consejo Ejecutivo del Poder Judicial efectuar\u00e1 las gestiones ante las Entidades P\u00fablicas, para obtener sus respectivas Casillas Electr\u00f3nicas.<\/p>\n\n\n\n<p>Este registro incorporar\u00e1 las Casillas Electr\u00f3nicas Institucionales de las Entidades P\u00fablicas de alcance nacional o cuyo alcance incluya m\u00e1s de un Distrito Judicial. Las Cortes Superiores contar\u00e1n con un Registro Distrital incorporando las Casillas Electr\u00f3nicas de las Entidades P\u00fablicas de su localidad; en este caso, ser\u00e1n los Presidentes de las Cortes Superiores quienes har\u00e1n las gestiones respectivas.<\/p>\n\n\n\n<p>Esta medida tiene por finalidad que, cuando las Entidades P\u00fablicas pudieran ser emplazadas con demandas o fueran citadas ellas puedan ser notificadas \u2013virtualmente- a trav\u00e9s de las Casillas Electr\u00f3nicas Institucionales evitando, con ello, la notificaci\u00f3n personal, el desplazamiento f\u00edsico y la innecesaria dilaci\u00f3n de los procesos judiciales, dada la presente situaci\u00f3n de emergencia sanitaria debido a la pandemia del COVID-19.<\/p>\n\n\n\n<hr class=\"wp-block-separator\"\/>\n\n\n\n<p class=\"has-text-align-center\">Para mayor informaci\u00f3n sobre el tema tratado contactarse con los abogados de nuestra \u00c1rea de Litigios.<\/p>\n\n\n\n<p class=\"has-text-align-center\"><strong>Javier Villa Garc\u00eda Vargas, Agust\u00edn Yrigoyen Gonz\u00e1lez del Riego, Carlos Mart\u00edn Ch\u00e1vez Meza, Ra\u00fal Aranda C\u00f3rdova, Rafael S\u00e1nchez R\u00edos<\/strong>.<\/p>\n\n\n\n<hr class=\"wp-block-separator\"\/>\n\n\n\n<p><em>La informaci\u00f3n contenida en este documento no constituye ni pretende constituir asesor\u00eda o asistencia legal directa o indirecta de ninguna especie, ni establece ning\u00fan tipo de relaci\u00f3n profesional. <\/em><\/p>\n\n\n\n<p><em>Asimismo, tampoco pretende hacer publicidad de los servicios prestados por nuestra firma ni por ninguno de sus abogados. El \u00fanico prop\u00f3sito es dar informaci\u00f3n de car\u00e1cter general respecto de temas que pueden ser de inter\u00e9s para los clientes y amigos de nuestra firma. Este\u00a0 informativo as\u00ed como otros informes generales y art\u00edculos de inter\u00e9s preparados por los abogados del Estudio podr\u00e1n encontrarse en nuestra p\u00e1gina web: <a href=\"http:\/\/www.gsalegal.pe\">www.gsalegal.pe<\/a><\/em><\/p>\n","protected":false},"excerpt":{"rendered":"<p>El Consejo Ejecutivo del Poder Judicial por Resoluci\u00f3n Administrativa N\u00b0 000189-2020-CE-PJ, del 16 de julio 2020, dispone crear el \u201cRegistro de Casillas Electr\u00f3nicas Institucionales para fines de Emplazamientos Judiciales o Citaci\u00f3n con la Demanda (RECEI)\u201d. La Secretar\u00eda General del Consejo Ejecutivo del Poder Judicial efectuar\u00e1 las gestiones ante las Entidades P\u00fablicas, para obtener sus respectivas [&hellip;]<\/p>\n","protected":false},"author":5,"featured_media":11056,"comment_status":"closed","ping_status":"open","sticky":false,"template":"","format":"standard","meta":{"nf_dc_page":"","content-type":"","footnotes":""},"categories":[83,84],"class_list":["post-11067","post","type-post","status-publish","format-standard","has-post-thumbnail","hentry","category-covid-19","category-litigio"],"_links":{"self":[{"href":"https:\/\/gsalegal.pe\/en\/wp-json\/wp\/v2\/posts\/11067","targetHints":{"allow":["GET"]}}],"collection":[{"href":"https:\/\/gsalegal.pe\/en\/wp-json\/wp\/v2\/posts"}],"about":[{"href":"https:\/\/gsalegal.pe\/en\/wp-json\/wp\/v2\/types\/post"}],"author":[{"embeddable":true,"href":"https:\/\/gsalegal.pe\/en\/wp-json\/wp\/v2\/users\/5"}],"replies":[{"embeddable":true,"href":"https:\/\/gsalegal.pe\/en\/wp-json\/wp\/v2\/comments?post=11067"}],"version-history":[{"count":0,"href":"https:\/\/gsalegal.pe\/en\/wp-json\/wp\/v2\/posts\/11067\/revisions"}],"wp:featuredmedia":[{"embeddable":true,"href":"https:\/\/gsalegal.pe\/en\/wp-json\/"}],"wp:attachment":[{"href":"https:\/\/gsalegal.pe\/en\/wp-json\/wp\/v2\/media?parent=11067"}],"wp:term":[{"taxonomy":"category","embeddable":true,"href":"https:\/\/gsalegal.pe\/en\/wp-json\/wp\/v2\/categories?post=11067"}],"curies":[{"name":"wp","href":"https:\/\/api.w.org\/{rel}","templated":true}]}}