{"id":11068,"date":"2020-07-17T15:03:35","date_gmt":"2020-07-17T20:03:35","guid":{"rendered":"http:\/\/localhost\/wordpress\/?p=10638"},"modified":"2020-07-17T15:03:35","modified_gmt":"2020-07-17T20:03:35","slug":"consejo-ejecutivo-del-poder-judicial-prorroga-protocolo-de-medidas-de-reactivacion-de-los-organos-jurisdiccionales","status":"publish","type":"post","link":"https:\/\/gsalegal.pe\/en\/consejo-ejecutivo-del-poder-judicial-prorroga-protocolo-de-medidas-de-reactivacion-de-los-organos-jurisdiccionales\/","title":{"rendered":"Consejo Ejecutivo del Poder Judicial prorroga protocolo de medidas de reactivaci\u00f3n de los \u00f3rganos jurisdiccionales"},"content":{"rendered":"\n<p>El Consejo Ejecutivo del Poder Judicial por Resoluci\u00f3n Administrativa N\u00b0 000191-2020-CE-PJ, del 16 de julio 2020, dispone, entre otros aspectos, lo siguiente:<\/p>\n\n\n\n<ol class=\"wp-block-list\" type=\"a\"><li>Prorrogar hasta el 31 de agosto de 2020 la vigencia del Protocolo denominado medidas de reactivaci\u00f3n de los \u00f3rganos jurisdiccionales y administrativos del Poder Judicial, posterior al levantamiento del aislamiento social obligatorio establecido por el Decreto Supremo N\u00b0 044- 2020PCM y prorrogado por los Decretos Supremos No. 051 y 064-2020-PCM, excepto en los Distritos Judiciales ubicados en los departamentos de Arequipa, Ica, Jun\u00edn, Hu\u00e1nuco, San Mart\u00edn, Madre de Dios y Ancash en los que se mantiene la cuarentena focalizada.<\/li><li>Establecer a partir del 17 de julio de 2020 el reinicio de los plazos procesales y administrativos, excepto en los Distritos Judiciales ubicados en los departamentos de Arequipa, Ica, Jun\u00edn, Hu\u00e1nuco, San Mart\u00edn, Madre de Dios y Ancash, en los que la suspensi\u00f3n de los plazos procesales y administrativos \u00a0mantendr\u00e1 hasta el 31 de julio de 2020.<\/li><\/ol>\n\n\n\n<hr class=\"wp-block-separator\"\/>\n\n\n\n<p class=\"has-text-align-center\">Para mayor informaci\u00f3n sobre el tema tratado contactarse con los abogados de nuestra \u00c1rea de Litigios.<\/p>\n\n\n\n<p class=\"has-text-align-center\"><strong>Javier Villa Garc\u00eda Vargas, Agust\u00edn Yrigoyen Gonz\u00e1lez del Riego, Carlos Mart\u00edn Ch\u00e1vez Meza, Ra\u00fal Aranda C\u00f3rdova, Rafael S\u00e1nchez R\u00edos<\/strong>.<\/p>\n\n\n\n<hr class=\"wp-block-separator\"\/>\n\n\n\n<p><em>La informaci\u00f3n contenida en este documento no constituye ni pretende constituir asesor\u00eda o asistencia legal directa o indirecta de ninguna especie, ni establece ning\u00fan tipo de relaci\u00f3n profesional. <\/em><\/p>\n\n\n\n<p><em>Asimismo, tampoco pretende hacer publicidad de los servicios prestados por nuestra firma ni por ninguno de sus abogados. El \u00fanico prop\u00f3sito es dar informaci\u00f3n de car\u00e1cter general respecto de temas que pueden ser de inter\u00e9s para los clientes y amigos de nuestra firma. Este\u00a0 informativo as\u00ed como otros informes generales y art\u00edculos de inter\u00e9s preparados por los abogados del Estudio podr\u00e1n encontrarse en nuestra p\u00e1gina web: <a href=\"http:\/\/www.gsalegal.pe\">www.gsalegal.pe<\/a><\/em><\/p>\n","protected":false},"excerpt":{"rendered":"<p>El Consejo Ejecutivo del Poder Judicial por Resoluci\u00f3n Administrativa N\u00b0 000191-2020-CE-PJ, del 16 de julio 2020, dispone, entre otros aspectos, lo siguiente: Prorrogar hasta el 31 de agosto de 2020 la vigencia del Protocolo denominado medidas de reactivaci\u00f3n de los \u00f3rganos jurisdiccionales y administrativos del Poder Judicial, posterior al levantamiento del aislamiento social obligatorio establecido [&hellip;]<\/p>\n","protected":false},"author":5,"featured_media":9547,"comment_status":"closed","ping_status":"open","sticky":false,"template":"","format":"standard","meta":{"nf_dc_page":"","content-type":"","footnotes":""},"categories":[83,84],"class_list":["post-11068","post","type-post","status-publish","format-standard","has-post-thumbnail","hentry","category-covid-19","category-litigio"],"_links":{"self":[{"href":"https:\/\/gsalegal.pe\/en\/wp-json\/wp\/v2\/posts\/11068","targetHints":{"allow":["GET"]}}],"collection":[{"href":"https:\/\/gsalegal.pe\/en\/wp-json\/wp\/v2\/posts"}],"about":[{"href":"https:\/\/gsalegal.pe\/en\/wp-json\/wp\/v2\/types\/post"}],"author":[{"embeddable":true,"href":"https:\/\/gsalegal.pe\/en\/wp-json\/wp\/v2\/users\/5"}],"replies":[{"embeddable":true,"href":"https:\/\/gsalegal.pe\/en\/wp-json\/wp\/v2\/comments?post=11068"}],"version-history":[{"count":0,"href":"https:\/\/gsalegal.pe\/en\/wp-json\/wp\/v2\/posts\/11068\/revisions"}],"wp:featuredmedia":[{"embeddable":true,"href":"https:\/\/gsalegal.pe\/en\/wp-json\/"}],"wp:attachment":[{"href":"https:\/\/gsalegal.pe\/en\/wp-json\/wp\/v2\/media?parent=11068"}],"wp:term":[{"taxonomy":"category","embeddable":true,"href":"https:\/\/gsalegal.pe\/en\/wp-json\/wp\/v2\/categories?post=11068"}],"curies":[{"name":"wp","href":"https:\/\/api.w.org\/{rel}","templated":true}]}}