{"id":11081,"date":"2020-07-14T12:42:44","date_gmt":"2020-07-14T17:42:44","guid":{"rendered":"http:\/\/localhost\/wordpress\/?p=10622"},"modified":"2020-07-14T12:42:44","modified_gmt":"2020-07-14T17:42:44","slug":"suspension-de-labores-modificaciones-respecto-de-la-prestacion-economica-de-proteccion-social-de-emergencia","status":"publish","type":"post","link":"https:\/\/gsalegal.pe\/en\/suspension-de-labores-modificaciones-respecto-de-la-prestacion-economica-de-proteccion-social-de-emergencia\/","title":{"rendered":"Suspensi\u00f3n de Labores: Modificaciones respecto de la Prestaci\u00f3n Econ\u00f3mica de Protecci\u00f3n Social de Emergencia"},"content":{"rendered":"\n<p>Con fecha 13 de julio de 2020, se public\u00f3 el Decreto Supremo N\u00ba017-2020-TR que modifica los art\u00edculos 7\u00ba, 16\u00ba y 17\u00ba del Decreto Supremo N\u00ba011-2020-TR, que establece normas complementarias para la aplicaci\u00f3n del Decreto de Urgencia N\u00ba 028-2020.<\/p>\n\n\n\n<p>En ese sentido, las modificaciones son las siguientes:<\/p>\n\n\n\n<ol class=\"wp-block-list\" type=\"I\"><li>N\u00famero de trabajadores: Se establece considerando la informaci\u00f3n disponible en el \u00faltimo formulario del PDT 601- Planilla Electr\u00f3nica (PLAME) presentado por el empleador durante el a\u00f1o 2020.<\/li><li>Prestaci\u00f3n Econ\u00f3mica de Protecci\u00f3n Social de Emergencia (PEPSE): Corresponder\u00e1 a los trabajadores de empleadores que cuenten con hasta cien (100) trabajadores y cuyo hogar no sea beneficiario del subsidio monetario a los que se hace referencia en los Decretos de Urgencia N\u00ba052-2020, N\u00ba27-2020, N\u00ba44-2020, N\u00ba33-2020 y N\u00ba42-2020.<\/li><li>Beneficiarios del PEPSE: Aquellos que perciben una remuneraci\u00f3n bruta de hasta S\/2,400.00 seg\u00fan la informaci\u00f3n disponible en el \u00faltimo formulario del PDT 601- Planilla Electr\u00f3nica (PLAME) presentado por el empleador durante el a\u00f1o 2020.<\/li><li>Comisionistas, Destajeros y Trabajadores que perciben Remuneraci\u00f3n Principal Imprecisa: La remuneraci\u00f3n bruta se determina en funci\u00f3n al promedio de las comisiones, destajo o remuneraci\u00f3n principal imprecisa percibidas por el trabajador en los \u00faltimos seis (6) meses en los que se cuenta con informaci\u00f3n disponible de los formularios del PDT 601- Planilla Electr\u00f3nica (PLAME) presentado por el empleador. Si el periodo a considerarse fuese inferior a seis (6) meses, la remuneraci\u00f3n bruta se establece en base al promedio mensual de lo percibido durante dicho periodo.<\/li><li>Pago de la PEPSE: Es pagada por EsSalud a los cinco (5) d\u00edas h\u00e1biles de recibida la informaci\u00f3n de la n\u00f3mina de los trabajadores beneficiarios que acceden a la citada prestaci\u00f3n. El pago se efectua siempre que se haya presentado la solicitud de pago ante EsSalud, a trav\u00e9s de la plataforma que para tal fin se habilite.<\/li><\/ol>\n\n\n\n<hr class=\"wp-block-separator\"\/>\n\n\n\n<p class=\"has-text-align-center\">Para mayor informaci\u00f3n sobre el tema tratado contactarse con los abogados de nuestra \u00c1rea Laboral: <\/p>\n\n\n\n<p class=\"has-text-align-center\">Alberto Varillas Cueto, Jaime Durand Planas, Macarena Morales Mailhe, Claudia Seminario G\u00f3mez, Fressia Sanchez Tu\u00f1oque, Sara Kalinicos Garc\u00eda, Jos\u00e9 Andr\u00e9s Piedra Pereira; y Grecia Elena Aldonate Pinto.<\/p>\n\n\n\n<hr class=\"wp-block-separator\"\/>\n\n\n\n<p><em>La informaci\u00f3n contenida en este documento no constituye ni pretende constituir asesor\u00eda o asistencia legal directa o indirecta de ninguna especie, ni establece ning\u00fan tipo de relaci\u00f3n profesional.<\/em><\/p>\n\n\n\n<p><em>Asimismo, tampoco pretende hacer publicidad de los servicios prestados por nuestra firma ni por ninguno de sus abogados. El \u00fanico prop\u00f3sito es dar informaci\u00f3n de car\u00e1cter general respecto de temas que pueden ser de inter\u00e9s para los clientes y amigos de nuestra firma. Este informativo, as\u00ed como otros informes generales y art\u00edculos de inter\u00e9s preparados por los abogados del Estudio podr\u00e1n encontrarse en nuestra p\u00e1gina web: <a href=\"http:\/\/localhost\/wordpress.pe\" target=\"_blank\" rel=\"noopener\">www.garciasayan.com.pe<\/a><\/em><\/p>\n","protected":false},"excerpt":{"rendered":"<p>Con fecha 13 de julio de 2020, se public\u00f3 el Decreto Supremo N\u00ba017-2020-TR que modifica los art\u00edculos 7\u00ba, 16\u00ba y 17\u00ba del Decreto Supremo N\u00ba011-2020-TR, que establece normas complementarias para la aplicaci\u00f3n del Decreto de Urgencia N\u00ba 028-2020. En ese sentido, las modificaciones son las siguientes: N\u00famero de trabajadores: Se establece considerando la informaci\u00f3n disponible [&hellip;]<\/p>\n","protected":false},"author":5,"featured_media":9524,"comment_status":"closed","ping_status":"open","sticky":false,"template":"","format":"standard","meta":{"nf_dc_page":"","content-type":"","footnotes":""},"categories":[83,37],"class_list":["post-11081","post","type-post","status-publish","format-standard","has-post-thumbnail","hentry","category-covid-19","category-laboral"],"_links":{"self":[{"href":"https:\/\/gsalegal.pe\/en\/wp-json\/wp\/v2\/posts\/11081","targetHints":{"allow":["GET"]}}],"collection":[{"href":"https:\/\/gsalegal.pe\/en\/wp-json\/wp\/v2\/posts"}],"about":[{"href":"https:\/\/gsalegal.pe\/en\/wp-json\/wp\/v2\/types\/post"}],"author":[{"embeddable":true,"href":"https:\/\/gsalegal.pe\/en\/wp-json\/wp\/v2\/users\/5"}],"replies":[{"embeddable":true,"href":"https:\/\/gsalegal.pe\/en\/wp-json\/wp\/v2\/comments?post=11081"}],"version-history":[{"count":0,"href":"https:\/\/gsalegal.pe\/en\/wp-json\/wp\/v2\/posts\/11081\/revisions"}],"wp:featuredmedia":[{"embeddable":true,"href":"https:\/\/gsalegal.pe\/en\/wp-json\/"}],"wp:attachment":[{"href":"https:\/\/gsalegal.pe\/en\/wp-json\/wp\/v2\/media?parent=11081"}],"wp:term":[{"taxonomy":"category","embeddable":true,"href":"https:\/\/gsalegal.pe\/en\/wp-json\/wp\/v2\/categories?post=11081"}],"curies":[{"name":"wp","href":"https:\/\/api.w.org\/{rel}","templated":true}]}}