{"id":11091,"date":"2020-07-11T18:48:42","date_gmt":"2020-07-11T23:48:42","guid":{"rendered":"http:\/\/localhost\/wordpress\/?p=10608"},"modified":"2020-07-11T18:48:42","modified_gmt":"2020-07-11T23:48:42","slug":"27-de-julio-laborable-para-el-sector-publico","status":"publish","type":"post","link":"https:\/\/gsalegal.pe\/en\/27-de-julio-laborable-para-el-sector-publico\/","title":{"rendered":"27 de julio: Laborable para el Sector P\u00fablico"},"content":{"rendered":"\n<p>En la fecha, se public\u00f3 el Decreto Supremo N\u00ba 125-2020-PCM que modifica el Decreto Supremo N\u00b0197-2019-PCM, el cual estableci\u00f3 los d\u00edas no laborables para el Sector P\u00fablico durante el a\u00f1o 2020.<\/p>\n\n\n\n<p>Con esta modificaci\u00f3n, el d\u00eda lunes 27 de julio de 2020 vuelve a ser laborable para el Sector P\u00fablico y se mantienen como no laborables los d\u00edas:<\/p>\n\n\n\n<p>&#8211;&nbsp;&nbsp;&nbsp;&nbsp;&nbsp;&nbsp;&nbsp;&nbsp; Viernes 9 de octubre; y,<\/p>\n\n\n\n<p>&#8211;&nbsp;&nbsp;&nbsp;&nbsp;&nbsp;&nbsp;&nbsp;&nbsp; Jueves 31 de diciembre de 2020.<\/p>\n\n\n\n<p>Dichos d\u00edas ser\u00e1n considerados h\u00e1biles para fines tributarios.<\/p>\n\n\n\n<hr class=\"wp-block-separator\"\/>\n\n\n\n<p class=\"has-text-align-center\">Para mayor informaci\u00f3n sobre el tema tratado contactarse con los abogados de nuestra \u00c1rea Laboral: <\/p>\n\n\n\n<p class=\"has-text-align-center\">Alberto Varillas Cueto, Jaime Durand Planas, Macarena Morales Mailhe, Claudia Seminario G\u00f3mez, Fressia Sanchez Tu\u00f1oque, Sara Kalinicos Garc\u00eda, Jos\u00e9 Andr\u00e9s Piedra Pereira; y Grecia Elena Aldonate Pinto.<\/p>\n\n\n\n<hr class=\"wp-block-separator\"\/>\n\n\n\n<p><em>La informaci\u00f3n contenida en este documento no constituye ni pretende constituir asesor\u00eda o asistencia legal directa o indirecta de ninguna especie, ni establece ning\u00fan tipo de relaci\u00f3n profesional. <\/em><\/p>\n\n\n\n<p><em>Asimismo, tampoco pretende hacer publicidad de los servicios prestados por nuestra firma ni por ninguno de sus abogados. El \u00fanico prop\u00f3sito es dar informaci\u00f3n de car\u00e1cter general respecto de temas que pueden ser de inter\u00e9s para los clientes y amigos de nuestra firma. Este informativo, as\u00ed como otros informes generales y art\u00edculos de inter\u00e9s preparados por los abogados del Estudio podr\u00e1n encontrarse en nuestra p\u00e1gina web: <a href=\"http:\/\/localhost\/wordpress.pe\" target=\"_blank\" rel=\"noopener\">www.garciasayan.com.pe<\/a><\/em><\/p>\n","protected":false},"excerpt":{"rendered":"<p>En la fecha, se public\u00f3 el Decreto Supremo N\u00ba 125-2020-PCM que modifica el Decreto Supremo N\u00b0197-2019-PCM, el cual estableci\u00f3 los d\u00edas no laborables para el Sector P\u00fablico durante el a\u00f1o 2020. Con esta modificaci\u00f3n, el d\u00eda lunes 27 de julio de 2020 vuelve a ser laborable para el Sector P\u00fablico y se mantienen como no [&hellip;]<\/p>\n","protected":false},"author":5,"featured_media":9729,"comment_status":"closed","ping_status":"open","sticky":false,"template":"","format":"standard","meta":{"nf_dc_page":"","content-type":"","footnotes":""},"categories":[83,37],"class_list":["post-11091","post","type-post","status-publish","format-standard","has-post-thumbnail","hentry","category-covid-19","category-laboral"],"_links":{"self":[{"href":"https:\/\/gsalegal.pe\/en\/wp-json\/wp\/v2\/posts\/11091","targetHints":{"allow":["GET"]}}],"collection":[{"href":"https:\/\/gsalegal.pe\/en\/wp-json\/wp\/v2\/posts"}],"about":[{"href":"https:\/\/gsalegal.pe\/en\/wp-json\/wp\/v2\/types\/post"}],"author":[{"embeddable":true,"href":"https:\/\/gsalegal.pe\/en\/wp-json\/wp\/v2\/users\/5"}],"replies":[{"embeddable":true,"href":"https:\/\/gsalegal.pe\/en\/wp-json\/wp\/v2\/comments?post=11091"}],"version-history":[{"count":0,"href":"https:\/\/gsalegal.pe\/en\/wp-json\/wp\/v2\/posts\/11091\/revisions"}],"wp:featuredmedia":[{"embeddable":true,"href":"https:\/\/gsalegal.pe\/en\/wp-json\/"}],"wp:attachment":[{"href":"https:\/\/gsalegal.pe\/en\/wp-json\/wp\/v2\/media?parent=11091"}],"wp:term":[{"taxonomy":"category","embeddable":true,"href":"https:\/\/gsalegal.pe\/en\/wp-json\/wp\/v2\/categories?post=11091"}],"curies":[{"name":"wp","href":"https:\/\/api.w.org\/{rel}","templated":true}]}}