{"id":11100,"date":"2020-07-07T13:53:08","date_gmt":"2020-07-07T18:53:08","guid":{"rendered":"http:\/\/localhost\/wordpress\/?p=10593"},"modified":"2020-07-07T13:53:08","modified_gmt":"2020-07-07T18:53:08","slug":"ministerio-publico-prorroga-suspension-de-plazos-procesales-y-plazos-en-tramite-hasta-el-16-de-julio-de-2020","status":"publish","type":"post","link":"https:\/\/gsalegal.pe\/en\/ministerio-publico-prorroga-suspension-de-plazos-procesales-y-plazos-en-tramite-hasta-el-16-de-julio-de-2020\/","title":{"rendered":"Ministerio P\u00fablico prorroga suspensi\u00f3n de plazos procesales y plazos en tr\u00e1mite hasta el 16 de julio de 2020"},"content":{"rendered":"\n<p>El d\u00eda lunes 6 de julio de 2020 se public\u00f3 en el Diario Oficial \u201cEl Peruano\u201d, la Resoluci\u00f3n de la Fiscal\u00eda de la Naci\u00f3n N\u00b0 748-2020-MP-FN, mediante la cual, se ha dispuesto <strong>prorrogar<\/strong> <strong>hasta el d\u00eda 16 de julio de 2020<\/strong>, la suspensi\u00f3n de manera excepcional de los plazos procesales, as\u00ed como la suspensi\u00f3n de los plazos en los tr\u00e1mites y procedimientos administrativos en los despachos fiscales y dependencias administrativas cuya competencia no se encuentre dentro de los departamentos de Ancash, Arequipa, Hu\u00e1nuco, Ica, Jun\u00edn, Madre de Dios y San Mart\u00edn, los cuales se encuentran con aislamiento social obligatorio.<\/p>\n\n\n\n<p>En ese sentido, en raz\u00f3n de la ampliaci\u00f3n de la cuarentena para algunos departamentos del pa\u00eds, <strong>se orden\u00f3 prorrogar la suspensi\u00f3n de labores de los despachos fiscales<\/strong> cuya competencia territorial se encuentre dentro de los departamentos de Ancash, Arequipa, Hu\u00e1nuco, Ica, Jun\u00edn, Madre de Dios y San Mart\u00edn, <strong>a partir del mi\u00e9rcoles 01 hasta el viernes 31 de julio de 2020<\/strong>; con excepci\u00f3n del personal fiscal, administrativo y forense que ejerce funciones en las fiscal\u00edas provinciales penales y fiscal\u00edas provinciales de familia turno y posturno fiscal, en las unidades m\u00e9dico legales, as\u00ed como en las fiscal\u00edas especializadas que realicen turno permanente con excepci\u00f3n de las fiscal\u00edas de extinci\u00f3n de dominio.<\/p>\n\n\n\n<p>Asimismo, se autoriz\u00f3 que las fiscal\u00edas especializadas en delitos de corrupci\u00f3n de funcionarios que tengan competencia en los departamentos que se encuentren con el aislamiento social obligatorio (que tienen a su cargo investigaciones iniciadas durante la emergencia sanitaria) contin\u00faen con los actos de investigaci\u00f3n necesarios a\u00fan despu\u00e9s de culminado su turno y pos turno.<\/p>\n\n\n\n<hr class=\"wp-block-separator\"\/>\n\n\n\n<p class=\"has-text-align-center\">Para mayor informaci\u00f3n sobre los temas tratados contactarse con los abogados de nuestra \u00c1rea de Penal Empresarial:<\/p>\n\n\n\n<p class=\"has-text-align-center\">Diego Martin Calmet Mujica y Maria Ximena Schmiel Balarezo.<\/p>\n\n\n\n<hr class=\"wp-block-separator\"\/>\n\n\n\n<p><em>La informaci\u00f3n contenida en este documento no constituye ni pretende constituir asesor\u00eda o asistencia legal directa o indirecta de ninguna especie, ni establece ning\u00fan tipo de relaci\u00f3n profesional. <\/em><\/p>\n\n\n\n<p><em>Asimismo, tampoco pretende hacer publicidad de los servicios prestados por nuestra firma ni por ninguno de sus abogados. El \u00fanico prop\u00f3sito es dar informaci\u00f3n de car\u00e1cter general respecto de temas que pueden ser de inter\u00e9s para los clientes y amigos de nuestra firma. Este informativo, as\u00ed como otros informes generales y art\u00edculos de inter\u00e9s preparados por los abogados del Estudio podr\u00e1n encontrarse en nuestra p\u00e1gina web: <a href=\"http:\/\/www.gsalegal.pe\">www.gsalegal.pe<\/a><\/em><\/p>\n","protected":false},"excerpt":{"rendered":"<p>El d\u00eda lunes 6 de julio de 2020 se public\u00f3 en el Diario Oficial \u201cEl Peruano\u201d, la Resoluci\u00f3n de la Fiscal\u00eda de la Naci\u00f3n N\u00b0 748-2020-MP-FN, mediante la cual, se ha dispuesto prorrogar hasta el d\u00eda 16 de julio de 2020, la suspensi\u00f3n de manera excepcional de los plazos procesales, as\u00ed como la suspensi\u00f3n de [&hellip;]<\/p>\n","protected":false},"author":5,"featured_media":11071,"comment_status":"closed","ping_status":"open","sticky":false,"template":"","format":"standard","meta":{"nf_dc_page":"","content-type":"","footnotes":""},"categories":[83,85],"class_list":["post-11100","post","type-post","status-publish","format-standard","has-post-thumbnail","hentry","category-covid-19","category-penal"],"_links":{"self":[{"href":"https:\/\/gsalegal.pe\/en\/wp-json\/wp\/v2\/posts\/11100","targetHints":{"allow":["GET"]}}],"collection":[{"href":"https:\/\/gsalegal.pe\/en\/wp-json\/wp\/v2\/posts"}],"about":[{"href":"https:\/\/gsalegal.pe\/en\/wp-json\/wp\/v2\/types\/post"}],"author":[{"embeddable":true,"href":"https:\/\/gsalegal.pe\/en\/wp-json\/wp\/v2\/users\/5"}],"replies":[{"embeddable":true,"href":"https:\/\/gsalegal.pe\/en\/wp-json\/wp\/v2\/comments?post=11100"}],"version-history":[{"count":0,"href":"https:\/\/gsalegal.pe\/en\/wp-json\/wp\/v2\/posts\/11100\/revisions"}],"wp:featuredmedia":[{"embeddable":true,"href":"https:\/\/gsalegal.pe\/en\/wp-json\/"}],"wp:attachment":[{"href":"https:\/\/gsalegal.pe\/en\/wp-json\/wp\/v2\/media?parent=11100"}],"wp:term":[{"taxonomy":"category","embeddable":true,"href":"https:\/\/gsalegal.pe\/en\/wp-json\/wp\/v2\/categories?post=11100"}],"curies":[{"name":"wp","href":"https:\/\/api.w.org\/{rel}","templated":true}]}}