{"id":11101,"date":"2020-07-07T13:51:35","date_gmt":"2020-07-07T18:51:35","guid":{"rendered":"http:\/\/localhost\/wordpress\/?p=10591"},"modified":"2020-07-07T13:51:35","modified_gmt":"2020-07-07T18:51:35","slug":"suspenden-y-modifican-el-calendario-oficial-de-la-aplicacion-progresiva-del-codigo-procesal-penal","status":"publish","type":"post","link":"https:\/\/gsalegal.pe\/en\/suspenden-y-modifican-el-calendario-oficial-de-la-aplicacion-progresiva-del-codigo-procesal-penal\/","title":{"rendered":"Suspenden y modifican el calendario oficial de la aplicaci\u00f3n progresiva del C\u00f3digo Procesal Penal"},"content":{"rendered":"\n<p>El d\u00eda viernes 3 de julio de 2020 se public\u00f3 en el Diario Oficial \u201cEl Peruano\u201d, el Decreto Supremo N\u00b0 007-2020-JUS, a trav\u00e9s del cual, se ha dispuesto <strong>suspender la entrada en vigencia del C\u00f3digo Procesal Penal y modificar el calendario correspondiente para su progresiva aplicaci\u00f3n<\/strong>, debido a que no ha sido posible que las entidades involucradas completen oportunamente las tareas previas a la entrada en vigencia del C\u00f3digo Procesal Penal en los distritos judiciales de Lima Sur y Lima Centro.<\/p>\n\n\n\n<p>En ese sentido, a fin de que las entidades involucradas puedan realizar la descarga procesal y las dem\u00e1s tareas de preparaci\u00f3n para la entrada en vigencia del citado c\u00f3digo en los distritos judiciales de Lima Sur y Lima Centro, considerando la situaci\u00f3n del pa\u00eds con relaci\u00f3n al Covid-19, se tiene como nueva fecha la siguiente que mencionamos a continuaci\u00f3n:<\/p>\n\n\n\n<figure class=\"wp-block-table\"><table><tbody><tr><td>Distritos Judiciales<\/td><td>Nueva fecha de entrada en vigencia<\/td><\/tr><tr><td>Lima Centro y Lima Sur<\/td><td><strong>1 de diciembre de 2020<\/strong><\/td><\/tr><\/tbody><\/table><\/figure>\n\n\n\n<hr class=\"wp-block-separator\"\/>\n\n\n\n<p class=\"has-text-align-center\">Para mayor informaci\u00f3n sobre los temas tratados contactarse con los abogados de nuestra \u00c1rea de Penal Empresarial:<\/p>\n\n\n\n<p class=\"has-text-align-center\">Diego Martin Calmet Mujica y Maria Ximena Schmiel Balarezo.<\/p>\n\n\n\n<hr class=\"wp-block-separator\"\/>\n\n\n\n<p><em>La informaci\u00f3n contenida en este documento no constituye ni pretende constituir asesor\u00eda o asistencia legal directa o indirecta de ninguna especie, ni establece ning\u00fan tipo de relaci\u00f3n profesional. <\/em><\/p>\n\n\n\n<p><em>Asimismo, tampoco pretende hacer publicidad de los servicios prestados por nuestra firma ni por ninguno de sus abogados. El \u00fanico prop\u00f3sito es dar informaci\u00f3n de car\u00e1cter general respecto de temas que pueden ser de inter\u00e9s para los clientes y amigos de nuestra firma. Este informativo, as\u00ed como otros informes generales y art\u00edculos de inter\u00e9s preparados por los abogados del Estudio podr\u00e1n encontrarse en nuestra p\u00e1gina web: <a href=\"http:\/\/www.gsalegal.pe\">www.gsalegal.pe<\/a><\/em><\/p>\n","protected":false},"excerpt":{"rendered":"<p>El d\u00eda viernes 3 de julio de 2020 se public\u00f3 en el Diario Oficial \u201cEl Peruano\u201d, el Decreto Supremo N\u00b0 007-2020-JUS, a trav\u00e9s del cual, se ha dispuesto suspender la entrada en vigencia del C\u00f3digo Procesal Penal y modificar el calendario correspondiente para su progresiva aplicaci\u00f3n, debido a que no ha sido posible que las [&hellip;]<\/p>\n","protected":false},"author":5,"featured_media":9310,"comment_status":"closed","ping_status":"open","sticky":false,"template":"","format":"standard","meta":{"nf_dc_page":"","content-type":"","footnotes":""},"categories":[83,85],"class_list":["post-11101","post","type-post","status-publish","format-standard","has-post-thumbnail","hentry","category-covid-19","category-penal"],"_links":{"self":[{"href":"https:\/\/gsalegal.pe\/en\/wp-json\/wp\/v2\/posts\/11101","targetHints":{"allow":["GET"]}}],"collection":[{"href":"https:\/\/gsalegal.pe\/en\/wp-json\/wp\/v2\/posts"}],"about":[{"href":"https:\/\/gsalegal.pe\/en\/wp-json\/wp\/v2\/types\/post"}],"author":[{"embeddable":true,"href":"https:\/\/gsalegal.pe\/en\/wp-json\/wp\/v2\/users\/5"}],"replies":[{"embeddable":true,"href":"https:\/\/gsalegal.pe\/en\/wp-json\/wp\/v2\/comments?post=11101"}],"version-history":[{"count":0,"href":"https:\/\/gsalegal.pe\/en\/wp-json\/wp\/v2\/posts\/11101\/revisions"}],"wp:featuredmedia":[{"embeddable":true,"href":"https:\/\/gsalegal.pe\/en\/wp-json\/"}],"wp:attachment":[{"href":"https:\/\/gsalegal.pe\/en\/wp-json\/wp\/v2\/media?parent=11101"}],"wp:term":[{"taxonomy":"category","embeddable":true,"href":"https:\/\/gsalegal.pe\/en\/wp-json\/wp\/v2\/categories?post=11101"}],"curies":[{"name":"wp","href":"https:\/\/api.w.org\/{rel}","templated":true}]}}