{"id":11102,"date":"2020-07-06T16:11:38","date_gmt":"2020-07-06T21:11:38","guid":{"rendered":"http:\/\/localhost\/wordpress\/?p=10589"},"modified":"2020-07-06T16:11:38","modified_gmt":"2020-07-06T21:11:38","slug":"feriado-nacional-del-29-de-julio-de-2020","status":"publish","type":"post","link":"https:\/\/gsalegal.pe\/en\/feriado-nacional-del-29-de-julio-de-2020\/","title":{"rendered":"Feriado Nacional del 29 de julio de 2020"},"content":{"rendered":"\n<p>En la fecha, se public\u00f3 el Decreto de Urgencia N\u00b081-2020, el mismo que tiene como objetivo dinamizar las inversiones y los servicios a cargo de los Gobiernos Regionales y Gobiernos Locales y dictar otras medidas, ante la emergencia sanitaria producida por el COVID-19.<\/p>\n\n\n\n<p>En este contexto, dentro las medidas contenidas en la citada norma, <strong>se deja sin efecto el feriado nacional del d\u00eda mi\u00e9rcoles 29 de julio de 2020 el mismo que ser\u00e1 d\u00eda laborable para todo efecto legal<\/strong>.<\/p>\n\n\n\n<hr class=\"wp-block-separator\"\/>\n\n\n\n<p class=\"has-text-align-center\">Para mayor informaci\u00f3n sobre el tema tratado contactarse con los abogados de nuestra \u00c1rea Laboral: <\/p>\n\n\n\n<p class=\"has-text-align-center\">Alberto Varillas Cueto, Jaime Durand Planas, Macarena Morales Mailhe, Claudia Seminario G\u00f3mez, Fressia Sanchez Tu\u00f1oque, Sara Kalinicos Garc\u00eda, Jos\u00e9 Andr\u00e9s Piedra Pereira; y Grecia Elena Aldonate Pinto.<\/p>\n\n\n\n<hr class=\"wp-block-separator\"\/>\n\n\n\n<p><em>La informaci\u00f3n contenida en este documento no constituye ni pretende constituir asesor\u00eda o asistencia legal directa o indirecta de ninguna especie, ni establece ning\u00fan tipo de relaci\u00f3n profesional.<\/em><\/p>\n\n\n\n<p><em>Asimismo, tampoco pretende hacer publicidad de los servicios prestados por nuestra firma ni por ninguno de sus abogados. El \u00fanico prop\u00f3sito es dar informaci\u00f3n de car\u00e1cter general respecto de temas que pueden ser de inter\u00e9s para los clientes y amigos de nuestra firma. Este informativo, as\u00ed como otros informes generales y art\u00edculos de inter\u00e9s preparados por los abogados del Estudio podr\u00e1n encontrarse en nuestra p\u00e1gina web: <a href=\"http:\/\/localhost\/wordpress.pe\" target=\"_blank\" rel=\"noreferrer noopener\">www.garciasayan.com.pe<\/a><\/em><\/p>\n","protected":false},"excerpt":{"rendered":"<p>En la fecha, se public\u00f3 el Decreto de Urgencia N\u00b081-2020, el mismo que tiene como objetivo dinamizar las inversiones y los servicios a cargo de los Gobiernos Regionales y Gobiernos Locales y dictar otras medidas, ante la emergencia sanitaria producida por el COVID-19. En este contexto, dentro las medidas contenidas en la citada norma, se [&hellip;]<\/p>\n","protected":false},"author":5,"featured_media":11103,"comment_status":"closed","ping_status":"open","sticky":false,"template":"","format":"standard","meta":{"nf_dc_page":"","content-type":"","footnotes":""},"categories":[83,37],"class_list":["post-11102","post","type-post","status-publish","format-standard","has-post-thumbnail","hentry","category-covid-19","category-laboral"],"_links":{"self":[{"href":"https:\/\/gsalegal.pe\/en\/wp-json\/wp\/v2\/posts\/11102","targetHints":{"allow":["GET"]}}],"collection":[{"href":"https:\/\/gsalegal.pe\/en\/wp-json\/wp\/v2\/posts"}],"about":[{"href":"https:\/\/gsalegal.pe\/en\/wp-json\/wp\/v2\/types\/post"}],"author":[{"embeddable":true,"href":"https:\/\/gsalegal.pe\/en\/wp-json\/wp\/v2\/users\/5"}],"replies":[{"embeddable":true,"href":"https:\/\/gsalegal.pe\/en\/wp-json\/wp\/v2\/comments?post=11102"}],"version-history":[{"count":0,"href":"https:\/\/gsalegal.pe\/en\/wp-json\/wp\/v2\/posts\/11102\/revisions"}],"wp:featuredmedia":[{"embeddable":true,"href":"https:\/\/gsalegal.pe\/en\/wp-json\/"}],"wp:attachment":[{"href":"https:\/\/gsalegal.pe\/en\/wp-json\/wp\/v2\/media?parent=11102"}],"wp:term":[{"taxonomy":"category","embeddable":true,"href":"https:\/\/gsalegal.pe\/en\/wp-json\/wp\/v2\/categories?post=11102"}],"curies":[{"name":"wp","href":"https:\/\/api.w.org\/{rel}","templated":true}]}}