{"id":11132,"date":"2020-07-02T10:54:45","date_gmt":"2020-07-02T15:54:45","guid":{"rendered":"http:\/\/localhost\/wordpress\/?p=10572"},"modified":"2020-07-02T10:54:45","modified_gmt":"2020-07-02T15:54:45","slug":"consejo-ejecutivo-del-poder-judicial-prorroga-suspension-de-plazos-entre-otros","status":"publish","type":"post","link":"https:\/\/gsalegal.pe\/en\/consejo-ejecutivo-del-poder-judicial-prorroga-suspension-de-plazos-entre-otros\/","title":{"rendered":"Consejo Ejecutivo del Poder Judicial prorroga suspensi\u00f3n de plazos, entre otros"},"content":{"rendered":"\n<p>El Consejo Ejecutivo del Poder Judicial por Resoluci\u00f3n Administrativa N\u00b0 000179-2020-CE-PJ, del 30 de junio 2020, dispone, entre otros, lo siguiente:<\/p>\n\n\n\n<ol class=\"wp-block-list\" type=\"a\"><li>Prorrogar la suspensi\u00f3n de las labores del Poder Judicial y los plazos procesales y administrativos, a partir del 1 al 31 de julio de 2020; en concordancia con el Decreto Supremo N\u00b0 116-2020-PCM, en los Distritos Judiciales que se encuentran ubicados dentro de la jurisdicci\u00f3n de los departamentos de Arequipa, Ica, Jun\u00edn, Hu\u00e1nuco, San Mart\u00edn, Madre de Dios y Ancash.<\/li><li>Los \u00f3rganos jurisdiccionales de emergencia continuar\u00e1n en funciones hasta el 31 de julio de 2020. Los \u00f3rganos jurisdiccionales que no son de emergencia, continuar\u00e1n con sus labores en forma remota para expedir sentencias, actuaciones en procesos pendientes, realizaci\u00f3n de audiencias virtuales, entre otros, sin que implique el desplazamiento de personas, salvo casos excepcionales con fines operativos.<\/li><li>Prorrogar la suspensi\u00f3n de los plazos procesales y administrativos hasta el 16 de julio de 2020, en las Salas de la Corte Suprema de Justicia de la Rep\u00fablica y en los dem\u00e1s Distritos Judiciales del pa\u00eds, no comprendidos en el literal a) antes indicado.<\/li><\/ol>\n\n\n\n<hr class=\"wp-block-separator\"\/>\n\n\n\n<p class=\"has-text-align-center\">Para mayor informaci\u00f3n sobre el tema tratado contactarse con los abogados de nuestra \u00c1rea de Litigios.<\/p>\n\n\n\n<p class=\"has-text-align-center\"><strong>Javier Villa Garc\u00eda Vargas, Agust\u00edn Yrigoyen Gonz\u00e1lez del Riego, Carlos Mart\u00edn Ch\u00e1vez Meza, Ra\u00fal Aranda C\u00f3rdova, Rafael S\u00e1nchez R\u00edos<\/strong>.<\/p>\n\n\n\n<hr class=\"wp-block-separator\"\/>\n\n\n\n<p><em>La informaci\u00f3n contenida en este documento no constituye ni pretende constituir asesor\u00eda o asistencia legal directa o indirecta de ninguna especie, ni establece ning\u00fan tipo de relaci\u00f3n profesional.<\/em><\/p>\n\n\n\n<p><em>Asimismo, tampoco pretende hacer publicidad de los servicios prestados por nuestra firma ni por ninguno de sus abogados. El \u00fanico prop\u00f3sito es dar informaci\u00f3n de car\u00e1cter general respecto de temas que pueden ser de inter\u00e9s para los clientes y amigos de nuestra firma. Este\u00a0 informativo as\u00ed como otros informes generales y art\u00edculos de inter\u00e9s preparados por los abogados del Estudio podr\u00e1n encontrarse en nuestra p\u00e1gina web: <a href=\"http:\/\/www.gsalegal.pe\">www.gsalegal.pe<\/a><\/em><\/p>\n","protected":false},"excerpt":{"rendered":"<p>El Consejo Ejecutivo del Poder Judicial por Resoluci\u00f3n Administrativa N\u00b0 000179-2020-CE-PJ, del 30 de junio 2020, dispone, entre otros, lo siguiente: Prorrogar la suspensi\u00f3n de las labores del Poder Judicial y los plazos procesales y administrativos, a partir del 1 al 31 de julio de 2020; en concordancia con el Decreto Supremo N\u00b0 116-2020-PCM, en [&hellip;]<\/p>\n","protected":false},"author":5,"featured_media":9547,"comment_status":"closed","ping_status":"open","sticky":false,"template":"","format":"standard","meta":{"nf_dc_page":"","content-type":"","footnotes":""},"categories":[83,84],"class_list":["post-11132","post","type-post","status-publish","format-standard","has-post-thumbnail","hentry","category-covid-19","category-litigio"],"_links":{"self":[{"href":"https:\/\/gsalegal.pe\/en\/wp-json\/wp\/v2\/posts\/11132","targetHints":{"allow":["GET"]}}],"collection":[{"href":"https:\/\/gsalegal.pe\/en\/wp-json\/wp\/v2\/posts"}],"about":[{"href":"https:\/\/gsalegal.pe\/en\/wp-json\/wp\/v2\/types\/post"}],"author":[{"embeddable":true,"href":"https:\/\/gsalegal.pe\/en\/wp-json\/wp\/v2\/users\/5"}],"replies":[{"embeddable":true,"href":"https:\/\/gsalegal.pe\/en\/wp-json\/wp\/v2\/comments?post=11132"}],"version-history":[{"count":0,"href":"https:\/\/gsalegal.pe\/en\/wp-json\/wp\/v2\/posts\/11132\/revisions"}],"wp:featuredmedia":[{"embeddable":true,"href":"https:\/\/gsalegal.pe\/en\/wp-json\/"}],"wp:attachment":[{"href":"https:\/\/gsalegal.pe\/en\/wp-json\/wp\/v2\/media?parent=11132"}],"wp:term":[{"taxonomy":"category","embeddable":true,"href":"https:\/\/gsalegal.pe\/en\/wp-json\/wp\/v2\/categories?post=11132"}],"curies":[{"name":"wp","href":"https:\/\/api.w.org\/{rel}","templated":true}]}}