{"id":11163,"date":"2020-06-24T15:43:52","date_gmt":"2020-06-24T20:43:52","guid":{"rendered":"http:\/\/localhost\/wordpress\/?p=10517"},"modified":"2020-06-24T15:43:52","modified_gmt":"2020-06-24T20:43:52","slug":"protocolo-sanitario-y-criterios-de-focalizacion-modificaciones-para-los-subsectores-mineria-hidrocarburos-y-electricidad","status":"publish","type":"post","link":"https:\/\/gsalegal.pe\/en\/protocolo-sanitario-y-criterios-de-focalizacion-modificaciones-para-los-subsectores-mineria-hidrocarburos-y-electricidad\/","title":{"rendered":"Protocolo sanitario y criterios de focalizaci\u00f3n: Modificaciones para los Subsectores Miner\u00eda, Hidrocarburos y Electricidad"},"content":{"rendered":"\n<p>Hoy, 24 de junio se public\u00f3 la Resoluci\u00f3n Ministerial N\u00b0159-2020-MINEM\/DM, la misma que modifica el \u201cProtocolo Sanitario para la implementaci\u00f3n de medidas de prevenci\u00f3n y respuesta frente al COVID \u2013 19 en las actividades del Subsector Miner\u00eda, el Subsector Hidrocarburos y el Subsector Electricidad\u201d, contenido en la Resoluci\u00f3n Ministerial N\u00b0128-2020-MINEM\/DM y modificado anteriormente por la Resoluci\u00f3n Ministerial N\u00ba135-2020-MINEM-DM.<\/p>\n\n\n\n<p>Asimismo, la Resoluci\u00f3n comentada modifica los Criterios de Focalizaci\u00f3n Territorial aprobados mediante la Resoluci\u00f3n Ministerial N\u00b0129-2020-MINEM\/DM.<\/p>\n\n\n\n<ul class=\"wp-block-list\" type=\"I\"><li><strong><u>Modificaciones al Protocolo:<\/u><\/strong><\/li><\/ul>\n\n\n\n<figure class=\"wp-block-table\"><table><tbody><tr><td><strong>Registro del Plan<\/strong><\/td><td>El Plan es remitido al Comit\u00e9 de Seguridad y Salud en el Trabajo o al Supervisor, para su aprobaci\u00f3n en el plazo de 48 horas. Posteriormente, el empleador registra el Plan en el Sistema Integrado para COVID-19 (SICOVID-19). El Plan debe ser accesible a las entidades de fiscalizaci\u00f3n, ponerse en conocimiento de los trabajadores y estar a disposici\u00f3n de los clientes.<\/td><\/tr><tr><td><strong>Transporte de Personal<\/strong><\/td><td>Para el transporte de personal terrestre privado, a\u00e9reo y mar\u00edtimo\/fluvial se deber\u00e1 tener en cuenta: Respetar los aforos m\u00e1ximos dispuestos por la autoridad.Pasajeros evitar\u00e1n el contacto personal y mantendr\u00e1n distancia social de 1 metro en la fila de embarque o desembarque.Respetar la adecuada separaci\u00f3n entre pasajeros de acuerdo a lo dispuesto por la autoridad.<\/td><\/tr><tr><td><strong>Ingreso y estad\u00eda en las unidades<\/strong><strong><\/strong><\/td><td>La recepci\u00f3n de personal es escalonada (con una distancia m\u00ednima de&nbsp;1 metro)&nbsp;y control en un lugar aislado dentro de la unidad, instalaci\u00f3n y\/o centro de control. Los trabajadores deben: Mantener la distancia social de&nbsp;1 metro&nbsp;y observar si los compa\u00f1eros tienen s\u00edntomas vinculados al COVID 19.Comedores, ascensores, vestidores o cafetines: Mantener el distanciamiento de&nbsp;1 metro, observar la se\u00f1alizaci\u00f3n de distanciamiento y respetar los turnos y horarios escalonados.Aforo: No mayor del 50% y mantener los espacios ventilados.<\/td><\/tr><tr><td><strong>Personal del grupo de riesgo<\/strong><strong><\/strong><\/td><td>Nuevo factor de riesgo: Insuficiencia renal cr\u00f3nica&nbsp;en tratamiento con hemodi\u00e1lisis.<\/td><\/tr><\/tbody><\/table><\/figure>\n\n\n\n<ul class=\"wp-block-list\" type=\"I\"><li><strong><u>Modificaciones a los Criterios de Focalizaci\u00f3n Territorial<\/u><\/strong><\/li><\/ul>\n\n\n\n<figure class=\"wp-block-table\"><table><tbody><tr><td><strong>Criterios Generales<\/strong><\/td><td>La explotaci\u00f3n, beneficio, almacenamiento, transporte y cierre de minas del estrato de la gran miner\u00eda, proyectos en construcci\u00f3n de inter\u00e9s nacional e hidrocarburos y construcci\u00f3n de proyectos contenidos en el Plan Nacional de Infraestructura para la Competitividad (PNIC), deben cumplir con contar con el Plan para la vigilancia, prevenci\u00f3n y control de COVID \u2013 19 en el trabajo\u201d, que previamente debe estar registrado en el Sistema Integrado para COVID-19 (SICOVID-19).<\/td><\/tr><\/tbody><\/table><\/figure>\n\n\n\n<hr class=\"wp-block-separator\"\/>\n\n\n\n<p class=\"has-text-align-center\">Para mayor informaci\u00f3n sobre el tema tratado contactarse con los abogados de nuestra \u00c1rea Laboral: <\/p>\n\n\n\n<p class=\"has-text-align-center\">Alberto Varillas Cueto, Jaime Durand Planas, Macarena Morales Mailhe, Claudia Seminario G\u00f3mez, Fressia Sanchez Tu\u00f1oque, Sara Kalinicos Garc\u00eda, Jos\u00e9 Andr\u00e9s Piedra Pereira; y Grecia Elena Aldonate Pinto.<\/p>\n\n\n\n<hr class=\"wp-block-separator\"\/>\n\n\n\n<p><em>La informaci\u00f3n contenida en este documento no constituye ni pretende constituir asesor\u00eda o asistencia legal directa o indirecta de ninguna especie, ni establece ning\u00fan tipo de relaci\u00f3n profesional. <\/em><\/p>\n\n\n\n<p><em>Asimismo, tampoco pretende hacer publicidad de los servicios prestados por nuestra firma ni por ninguno de sus abogados. El \u00fanico prop\u00f3sito es dar informaci\u00f3n de car\u00e1cter general respecto de temas que pueden ser de inter\u00e9s para los clientes y amigos de nuestra firma. Este informativo, as\u00ed como otros informes generales y art\u00edculos de inter\u00e9s preparados por los abogados del Estudio podr\u00e1n encontrarse en nuestra p\u00e1gina web: <a href=\"http:\/\/localhost\/wordpress.pe\" target=\"_blank\" rel=\"noreferrer noopener\">www.garciasayan.com.pe<\/a><\/em><\/p>\n","protected":false},"excerpt":{"rendered":"<p>Hoy, 24 de junio se public\u00f3 la Resoluci\u00f3n Ministerial N\u00b0159-2020-MINEM\/DM, la misma que modifica el \u201cProtocolo Sanitario para la implementaci\u00f3n de medidas de prevenci\u00f3n y respuesta frente al COVID \u2013 19 en las actividades del Subsector Miner\u00eda, el Subsector Hidrocarburos y el Subsector Electricidad\u201d, contenido en la Resoluci\u00f3n Ministerial N\u00b0128-2020-MINEM\/DM y modificado anteriormente por la [&hellip;]<\/p>\n","protected":false},"author":5,"featured_media":11164,"comment_status":"closed","ping_status":"open","sticky":false,"template":"","format":"standard","meta":{"nf_dc_page":"","content-type":"","footnotes":""},"categories":[83,79],"class_list":["post-11163","post","type-post","status-publish","format-standard","has-post-thumbnail","hentry","category-covid-19","category-recursos-naturales"],"_links":{"self":[{"href":"https:\/\/gsalegal.pe\/en\/wp-json\/wp\/v2\/posts\/11163","targetHints":{"allow":["GET"]}}],"collection":[{"href":"https:\/\/gsalegal.pe\/en\/wp-json\/wp\/v2\/posts"}],"about":[{"href":"https:\/\/gsalegal.pe\/en\/wp-json\/wp\/v2\/types\/post"}],"author":[{"embeddable":true,"href":"https:\/\/gsalegal.pe\/en\/wp-json\/wp\/v2\/users\/5"}],"replies":[{"embeddable":true,"href":"https:\/\/gsalegal.pe\/en\/wp-json\/wp\/v2\/comments?post=11163"}],"version-history":[{"count":0,"href":"https:\/\/gsalegal.pe\/en\/wp-json\/wp\/v2\/posts\/11163\/revisions"}],"wp:featuredmedia":[{"embeddable":true,"href":"https:\/\/gsalegal.pe\/en\/wp-json\/"}],"wp:attachment":[{"href":"https:\/\/gsalegal.pe\/en\/wp-json\/wp\/v2\/media?parent=11163"}],"wp:term":[{"taxonomy":"category","embeddable":true,"href":"https:\/\/gsalegal.pe\/en\/wp-json\/wp\/v2\/categories?post=11163"}],"curies":[{"name":"wp","href":"https:\/\/api.w.org\/{rel}","templated":true}]}}