{"id":11165,"date":"2020-06-24T15:36:49","date_gmt":"2020-06-24T20:36:49","guid":{"rendered":"http:\/\/localhost\/wordpress\/?p=10515"},"modified":"2020-06-24T15:36:49","modified_gmt":"2020-06-24T20:36:49","slug":"proyecto-de-decreto-supremo-que-aprueba-el-reglamento-de-participacion-ciudadana-para-la-realizacion-de-actividades-electricas","status":"publish","type":"post","link":"https:\/\/gsalegal.pe\/en\/proyecto-de-decreto-supremo-que-aprueba-el-reglamento-de-participacion-ciudadana-para-la-realizacion-de-actividades-electricas\/","title":{"rendered":"Proyecto de Decreto Supremo que aprueba el Reglamento de Participaci\u00f3n Ciudadana para la realizaci\u00f3n de Actividades El\u00e9ctricas"},"content":{"rendered":"\n<p>El MINEM, a trav\u00e9s de la Resoluci\u00f3n Ministerial N\u00b0 160-2020-MINEM\/DM, public\u00f3 el proyecto de Decreto Supremo que aprueba el Reglamento de Participaci\u00f3n Ciudadana para la realizaci\u00f3n de Actividades El\u00e9ctricas. En ese sentido, algunos de los alcances del proyecto del Reglamento son los siguientes:<\/p>\n\n\n\n<ul class=\"wp-block-list\"><li>El Plan de Participaci\u00f3n Ciudadana para la realizaci\u00f3n de actividades el\u00e9ctricas es el documento mediante el cual el Titular describe los mecanismos que se implementen con anterioridad a la presentaci\u00f3n del EIA-sd, EIA-d o sus modificaciones, y durante la evaluaci\u00f3n de los mismos, dirigidos a involucrar a la poblaci\u00f3n acerca de los aspectos e impactos ambientales relacionados al proceso de evaluaci\u00f3n ambiental.<\/li><li>El Plan ser\u00e1 evaluado por la Autoridad Ambiental Competente, la misma que revisar\u00e1 en el plazo m\u00e1ximo de tres (03) d\u00edas h\u00e1biles si el Plan cumple con los requisitos establecidos en el Reglamento.<\/li><li>El contenido m\u00ednimo del Plan de Participaci\u00f3n Ciudadana deber\u00e1 incluir el objetivo, ubicaci\u00f3n, descripci\u00f3n y \u00e1rea de influencia del proyecto; as\u00ed como los mecanismos de participaci\u00f3n ciudadana y el cronograma para la ejecuci\u00f3n de dichos mecanismos.<\/li><li>Se proponen mecanismos de participaci\u00f3n ciudadana como: la audiencia p\u00fablica, el buz\u00f3n de observaciones, la distribuci\u00f3n de materiales informativos, la disposici\u00f3n de una oficina de informaci\u00f3n, la difusi\u00f3n participativa a trav\u00e9s de publicaciones en el diario y avisos radiales, el desarrollo de reuniones informativas, entre otros.<\/li><\/ul>\n\n\n\n<p>Por \u00faltimo, se establece un plazo de veinte (20) d\u00edas h\u00e1biles, contados a partir del 25 de junio de 2020, a fin de que los interesados remitan sus opiniones y sugerencias, v\u00eda internet, al correo electr\u00f3nico: <a href=\"mailto:dgaae_rpcae@minem.gob.pe\">dgaae_rpcae@minem.gob.pe<\/a>.<\/p>\n\n\n\n<hr class=\"wp-block-separator\"\/>\n\n\n\n<p class=\"has-text-align-center\">Para m\u00e1s informaci\u00f3n sobre los temas tratados contactarse con los abogados de nuestra \u00c1rea de Recursos Naturales y Medio Ambiente:<\/p>\n\n\n\n<p class=\"has-text-align-center\">Jos\u00e9 Miguel Morales Dasso, Alberto Varillas Cueto, Edgardo Portaro van Oordt, Felipe Del \u00c1guila, Samantha Boy Roca y Jos\u00e9 Castillo.<\/p>\n\n\n\n<hr class=\"wp-block-separator\"\/>\n\n\n\n<p><em>La informaci\u00f3n contenida en este documento no constituye ni pretende constituir asesor\u00eda o asistencia legal directa o indirecta de ninguna especie, ni establece ning\u00fan tipo de relaci\u00f3n profesional.<\/em><\/p>\n\n\n\n<p><em>Asimismo, tampoco pretende hacer publicidad de los servicios prestados por nuestra firma ni por ninguno de sus abogados. El \u00fanico prop\u00f3sito es dar informaci\u00f3n de car\u00e1cter general respecto de temas que pueden ser de inter\u00e9s para los clientes y amigos de nuestra firma. Este informativo, as\u00ed como otros informes generales y art\u00edculos de inter\u00e9s preparados por los abogados del Estudio podr\u00e1n encontrarse en nuestra p\u00e1gina web: <a href=\"http:\/\/localhost\/wordpress.pe\" target=\"_blank\" rel=\"noreferrer noopener\">www.garciasayan.com.pe<\/a><\/em><\/p>\n","protected":false},"excerpt":{"rendered":"<p>El MINEM, a trav\u00e9s de la Resoluci\u00f3n Ministerial N\u00b0 160-2020-MINEM\/DM, public\u00f3 el proyecto de Decreto Supremo que aprueba el Reglamento de Participaci\u00f3n Ciudadana para la realizaci\u00f3n de Actividades El\u00e9ctricas. En ese sentido, algunos de los alcances del proyecto del Reglamento son los siguientes: El Plan de Participaci\u00f3n Ciudadana para la realizaci\u00f3n de actividades el\u00e9ctricas es [&hellip;]<\/p>\n","protected":false},"author":5,"featured_media":11086,"comment_status":"closed","ping_status":"open","sticky":false,"template":"","format":"standard","meta":{"nf_dc_page":"","content-type":"","footnotes":""},"categories":[83,79],"class_list":["post-11165","post","type-post","status-publish","format-standard","has-post-thumbnail","hentry","category-covid-19","category-recursos-naturales"],"_links":{"self":[{"href":"https:\/\/gsalegal.pe\/en\/wp-json\/wp\/v2\/posts\/11165","targetHints":{"allow":["GET"]}}],"collection":[{"href":"https:\/\/gsalegal.pe\/en\/wp-json\/wp\/v2\/posts"}],"about":[{"href":"https:\/\/gsalegal.pe\/en\/wp-json\/wp\/v2\/types\/post"}],"author":[{"embeddable":true,"href":"https:\/\/gsalegal.pe\/en\/wp-json\/wp\/v2\/users\/5"}],"replies":[{"embeddable":true,"href":"https:\/\/gsalegal.pe\/en\/wp-json\/wp\/v2\/comments?post=11165"}],"version-history":[{"count":0,"href":"https:\/\/gsalegal.pe\/en\/wp-json\/wp\/v2\/posts\/11165\/revisions"}],"wp:featuredmedia":[{"embeddable":true,"href":"https:\/\/gsalegal.pe\/en\/wp-json\/"}],"wp:attachment":[{"href":"https:\/\/gsalegal.pe\/en\/wp-json\/wp\/v2\/media?parent=11165"}],"wp:term":[{"taxonomy":"category","embeddable":true,"href":"https:\/\/gsalegal.pe\/en\/wp-json\/wp\/v2\/categories?post=11165"}],"curies":[{"name":"wp","href":"https:\/\/api.w.org\/{rel}","templated":true}]}}