{"id":11168,"date":"2020-06-23T13:49:33","date_gmt":"2020-06-23T18:49:33","guid":{"rendered":"http:\/\/localhost\/wordpress\/?p=10508"},"modified":"2020-06-23T13:49:33","modified_gmt":"2020-06-23T18:49:33","slug":"amplian-plazo-para-el-otorgamiento-de-garantias-del-programa-reactiva-peru","status":"publish","type":"post","link":"https:\/\/gsalegal.pe\/en\/amplian-plazo-para-el-otorgamiento-de-garantias-del-programa-reactiva-peru\/","title":{"rendered":"Ampl\u00edan plazo para el otorgamiento de garant\u00edas del Programa Reactiva Per\u00fa"},"content":{"rendered":"\n<p>El Gobierno ampli\u00f3 el plazo para el otorgamiento de garant\u00edas de los cr\u00e9ditos otorgados en el marco del Programa Reactiva Per\u00fa hasta el 30 de setiembre de 2020 seg\u00fan lo se\u00f1alado en el numeral 2.2 del art\u00edculo 2 del Decreto Legislativo N\u00b0 1455, Decreto Legislativo que crea el Programa \u201cREACTIVA PER\u00da\u201d para asegurar la continuidad en la cadena de pagos ante el impacto del COVID-19.<\/p>\n\n\n\n<p>As\u00ed consta en el Decreto Supremo N\u00b0154-2020-EF publicado el d\u00eda de hoy.<\/p>\n\n\n\n<hr class=\"wp-block-separator\"\/>\n\n\n\n<p class=\"has-text-align-center\">Para mayor informaci\u00f3n sobre el tema tratado contactarse con los abogados del Estudio:<\/p>\n\n\n\n<p class=\"has-text-align-center\">Dr. Luis Gasta\u00f1eta, Dr. Agust\u00edn Yrigoyen, Dra. Shirley C\u00e1rdenas, Dr. Alfonso Tola, Dra. Mar\u00eda Soledad Gasta\u00f1eta y el Dr. Sergio Chang.<\/p>\n\n\n\n<hr class=\"wp-block-separator\"\/>\n\n\n\n<p><em>La informaci\u00f3n contenida en este documento no constituye ni pretende constituir asesor\u00eda o asistencia legal directa o indirecta de ninguna especie, ni establece ning\u00fan tipo de relaci\u00f3n profesional.<\/em><\/p>\n\n\n\n<p><em>Asimismo, tampoco pretende hacer publicidad de los servicios prestados por nuestra firma ni por ninguno de sus abogados. El \u00fanico prop\u00f3sito es dar informaci\u00f3n de car\u00e1cter general respecto de temas que pueden ser de inter\u00e9s para los clientes y amigos de nuestra firma. Este informativo, as\u00ed como otros informes generales y art\u00edculos de inter\u00e9s preparados por los abogados del Estudio, podr\u00e1n encontrarse en nuestra p\u00e1gina web: <a href=\"http:\/\/localhost\/wordpress.pe\" target=\"_blank\" rel=\"noreferrer noopener\">www.garciasayan.com.pe<\/a><\/em><\/p>\n","protected":false},"excerpt":{"rendered":"<p>El Gobierno ampli\u00f3 el plazo para el otorgamiento de garant\u00edas de los cr\u00e9ditos otorgados en el marco del Programa Reactiva Per\u00fa hasta el 30 de setiembre de 2020 seg\u00fan lo se\u00f1alado en el numeral 2.2 del art\u00edculo 2 del Decreto Legislativo N\u00b0 1455, Decreto Legislativo que crea el Programa \u201cREACTIVA PER\u00da\u201d para asegurar la continuidad [&hellip;]<\/p>\n","protected":false},"author":5,"featured_media":11169,"comment_status":"closed","ping_status":"open","sticky":false,"template":"","format":"standard","meta":{"nf_dc_page":"","content-type":"","footnotes":""},"categories":[76,83],"class_list":["post-11168","post","type-post","status-publish","format-standard","has-post-thumbnail","hentry","category-corporativo","category-covid-19"],"_links":{"self":[{"href":"https:\/\/gsalegal.pe\/en\/wp-json\/wp\/v2\/posts\/11168","targetHints":{"allow":["GET"]}}],"collection":[{"href":"https:\/\/gsalegal.pe\/en\/wp-json\/wp\/v2\/posts"}],"about":[{"href":"https:\/\/gsalegal.pe\/en\/wp-json\/wp\/v2\/types\/post"}],"author":[{"embeddable":true,"href":"https:\/\/gsalegal.pe\/en\/wp-json\/wp\/v2\/users\/5"}],"replies":[{"embeddable":true,"href":"https:\/\/gsalegal.pe\/en\/wp-json\/wp\/v2\/comments?post=11168"}],"version-history":[{"count":0,"href":"https:\/\/gsalegal.pe\/en\/wp-json\/wp\/v2\/posts\/11168\/revisions"}],"wp:featuredmedia":[{"embeddable":true,"href":"https:\/\/gsalegal.pe\/en\/wp-json\/"}],"wp:attachment":[{"href":"https:\/\/gsalegal.pe\/en\/wp-json\/wp\/v2\/media?parent=11168"}],"wp:term":[{"taxonomy":"category","embeddable":true,"href":"https:\/\/gsalegal.pe\/en\/wp-json\/wp\/v2\/categories?post=11168"}],"curies":[{"name":"wp","href":"https:\/\/api.w.org\/{rel}","templated":true}]}}