{"id":11177,"date":"2020-06-21T08:52:24","date_gmt":"2020-06-21T13:52:24","guid":{"rendered":"http:\/\/localhost\/wordpress\/?p=10495"},"modified":"2020-06-21T08:52:24","modified_gmt":"2020-06-21T13:52:24","slug":"smv-prorroga-plazo-de-presentacion-de-declaracion-autoliquidacion-y-pago-de-la-contribucion-anual","status":"publish","type":"post","link":"https:\/\/gsalegal.pe\/en\/smv-prorroga-plazo-de-presentacion-de-declaracion-autoliquidacion-y-pago-de-la-contribucion-anual\/","title":{"rendered":"SMV prorroga plazo de presentaci\u00f3n de Declaraci\u00f3n &#8211; Autoliquidaci\u00f3n y Pago de la Contribuci\u00f3n Anual"},"content":{"rendered":"\n<p>La Superintendencia de Mercado de Valores prorrog\u00f3 el plazo establecido en la Resoluci\u00f3n N\u00b0038-2020-SMV\/02<a href=\"#_ftn1\">[1]<\/a> para la presentaci\u00f3n de la Declaraci\u00f3n &#8211; Autoliquidaci\u00f3n y Pago de la Contribuci\u00f3n Anual por el ejercicio gravable 2019 (Formato AP-1) por parte de los contribuyentes contemplados en el literal e) del art\u00edculo 18 del T.U.O de la Ley Org\u00e1nica de la SMV hasta el 31 de julio de 2020. Asimismo, el pago a cuenta mensual de estos contribuyentes, correspondiente al mes de junio de 2020, deber\u00e1 realizarse utilizando la informaci\u00f3n financiera anual auditada del a\u00f1o 2018 si, al cierre de este mes, la entidad no hubiera presentado a la SMV la informaci\u00f3n auditada del a\u00f1o 2019.<\/p>\n\n\n\n<p>Adicionalmente, se establece que el plazo que tiene la SMV para comunicar a las entidades los montos en exceso o en defecto que han pagado con cargo a su contribuci\u00f3n anual por el ejercicio gravable 2019<a href=\"#_ftn2\">[2]<\/a> ser\u00e1 de hasta 30 d\u00edas h\u00e1biles y se computar\u00e1 a partir del vencimiento del plazo para la presentaci\u00f3n de la Declaraci\u00f3n \u2013 Autoliquidaci\u00f3n y Pago de la Contribuci\u00f3n Anual por el ejercicio gravable 2019.<\/p>\n\n\n\n<p>Las dem\u00e1s obligaciones contenidas en la Resoluci\u00f3n N\u00b0038-2020-SMV\/02 y el alcance de la Resoluci\u00f3n N\u00b0048-2020-SMV\/02 no se modifican.<\/p>\n\n\n\n<p>Todo esto consta en la Resoluci\u00f3n N\u00b0053-2020-SMV\/02 publicada el 20 de junio de 2020.<\/p>\n\n\n\n<hr class=\"wp-block-separator\"\/>\n\n\n\n<p><a href=\"#_ftnref1\"><em><strong>[1]<\/strong><\/em><\/a><em> <\/em><strong><em>Art\u00edculo 1\u00b0.-<\/em><\/strong><em>&nbsp;Establecer de manera excepcional, el <strong>30 de junio de 2020<\/strong>, como fecha l\u00edmite para la presentaci\u00f3n de la Declaraci\u00f3n &#8211; Autoliquidaci\u00f3n y Pago de la Contribuci\u00f3n Anual por el ejercicio gravable 2019 (Formato AP-1), por parte de los contribuyentes comprendidos en el literal e) del art\u00edculo 18 del Texto \u00danico Concordado de la Ley Org\u00e1nica de la Superintendencia del Mercado de Valores, aprobado mediante Decreto Ley N\u00ba 26126.<\/em><\/p>\n\n\n\n<p><em>Las dem\u00e1s obligaciones y procedimientos relacionados con la determinaci\u00f3n y pago de las contribuciones reguladas en la normativa se mantienen vigentes.<\/em><\/p>\n\n\n\n<p><a href=\"#_ftnref2\">[2]<\/a> Plazo contemplado en el segundo p\u00e1rrafo del art\u00edculo 10 del Texto \u00danico Ordenado de la Norma sobre Contribuciones por los Servicios de Supervisi\u00f3n que presta la SMV, aprobado por Resoluci\u00f3n SMV N\u00ba 044-2016-SMV\/02<\/p>\n\n\n\n<hr class=\"wp-block-separator\"\/>\n\n\n\n<p class=\"has-text-align-center\">Para mayor informaci\u00f3n sobre el tema tratado contactarse con los abogados del Estudio:<\/p>\n\n\n\n<p class=\"has-text-align-center\"> Dr. Luis Gasta\u00f1eta, Dr. Agust\u00edn Yrigoyen, Dra. Shirley C\u00e1rdenas, Dr. Alfonso Tola, Dra. Mar\u00eda Soledad Gasta\u00f1eta y el Dr. Sergio Chang.<\/p>\n\n\n\n<hr class=\"wp-block-separator\"\/>\n\n\n\n<p><em>La informaci\u00f3n contenida en este documento no constituye ni pretende constituir asesor\u00eda o asistencia legal directa o indirecta de ninguna especie, ni establece ning\u00fan tipo de relaci\u00f3n profesional.<\/em><\/p>\n\n\n\n<p><em>Asimismo, tampoco pretende hacer publicidad de los servicios prestados por nuestra firma ni por ninguno de sus abogados. El \u00fanico prop\u00f3sito es dar informaci\u00f3n de car\u00e1cter general respecto de temas que pueden ser de inter\u00e9s para los clientes y amigos de nuestra firma. Este informativo, as\u00ed como otros informes generales y art\u00edculos de inter\u00e9s preparados por los abogados del Estudio, podr\u00e1n encontrarse en nuestra p\u00e1gina web: <a href=\"http:\/\/localhost\/wordpress.pe\" target=\"_blank\" rel=\"noreferrer noopener\">www.garciasayan.com.pe<\/a><\/em><\/p>\n","protected":false},"excerpt":{"rendered":"<p>La Superintendencia de Mercado de Valores prorrog\u00f3 el plazo establecido en la Resoluci\u00f3n N\u00b0038-2020-SMV\/02[1] para la presentaci\u00f3n de la Declaraci\u00f3n &#8211; Autoliquidaci\u00f3n y Pago de la Contribuci\u00f3n Anual por el ejercicio gravable 2019 (Formato AP-1) por parte de los contribuyentes contemplados en el literal e) del art\u00edculo 18 del T.U.O de la Ley Org\u00e1nica de [&hellip;]<\/p>\n","protected":false},"author":5,"featured_media":9635,"comment_status":"closed","ping_status":"open","sticky":false,"template":"","format":"standard","meta":{"nf_dc_page":"","content-type":"","footnotes":""},"categories":[76,83],"class_list":["post-11177","post","type-post","status-publish","format-standard","has-post-thumbnail","hentry","category-corporativo","category-covid-19"],"_links":{"self":[{"href":"https:\/\/gsalegal.pe\/en\/wp-json\/wp\/v2\/posts\/11177","targetHints":{"allow":["GET"]}}],"collection":[{"href":"https:\/\/gsalegal.pe\/en\/wp-json\/wp\/v2\/posts"}],"about":[{"href":"https:\/\/gsalegal.pe\/en\/wp-json\/wp\/v2\/types\/post"}],"author":[{"embeddable":true,"href":"https:\/\/gsalegal.pe\/en\/wp-json\/wp\/v2\/users\/5"}],"replies":[{"embeddable":true,"href":"https:\/\/gsalegal.pe\/en\/wp-json\/wp\/v2\/comments?post=11177"}],"version-history":[{"count":0,"href":"https:\/\/gsalegal.pe\/en\/wp-json\/wp\/v2\/posts\/11177\/revisions"}],"wp:featuredmedia":[{"embeddable":true,"href":"https:\/\/gsalegal.pe\/en\/wp-json\/"}],"wp:attachment":[{"href":"https:\/\/gsalegal.pe\/en\/wp-json\/wp\/v2\/media?parent=11177"}],"wp:term":[{"taxonomy":"category","embeddable":true,"href":"https:\/\/gsalegal.pe\/en\/wp-json\/wp\/v2\/categories?post=11177"}],"curies":[{"name":"wp","href":"https:\/\/api.w.org\/{rel}","templated":true}]}}