{"id":11182,"date":"2020-06-18T16:25:37","date_gmt":"2020-06-18T21:25:37","guid":{"rendered":"http:\/\/localhost\/wordpress\/?p=10482"},"modified":"2020-06-18T16:25:37","modified_gmt":"2020-06-18T21:25:37","slug":"aprueban-la-reanudacion-de-actividades-de-centros-comerciales-y-mercados-de-abastos-e-incluyen-nuevas-actividades-en-la-fase-2-de-reactivacion-economica","status":"publish","type":"post","link":"https:\/\/gsalegal.pe\/en\/aprueban-la-reanudacion-de-actividades-de-centros-comerciales-y-mercados-de-abastos-e-incluyen-nuevas-actividades-en-la-fase-2-de-reactivacion-economica\/","title":{"rendered":"Aprueban la reanudaci\u00f3n de actividades de centros comerciales y mercados de abastos e incluyen nuevas actividades en la Fase 2 de reactivaci\u00f3n econ\u00f3mica"},"content":{"rendered":"\n<p>El Gobierno aprob\u00f3 hoy la reanudaci\u00f3n de las actividades de centros comerciales, conglomerados, tiendas por departamentos y mercados de abasto, e incluy\u00f3 nuevas actividades en la fase 2 de la reactivaci\u00f3n econ\u00f3mica, siendo las principales normas las siguientes:<\/p>\n\n\n\n<p><strong>1. Reactivaci\u00f3n de centros comerciales, conglomerados y tiendas por departamento: <\/strong>La reapertura de dichos establecimientos ser\u00e1 a partir del lunes 22 de junio. Para ello deber\u00e1n haber registrado su \u201cPlan para la vigilancia, prevenci\u00f3n y control de COVID-19 en el trabajo\u201d en el Sistema Integrado para COVID-19 (SICOVID-19) del Ministerio de Salud y aplicar las siguientes restricciones: (i) permitir un aforo m\u00e1ximo de 50%, (ii) los establecimientos de patios de comidas de los centros comerciales solo podr\u00e1n brindar el servicio de entrega a domicilio o recojo en tienda, (iii) no permitir el ingreso de menores de edad y (iv) no reanudar las actividades de cines ni zonas recreativas dentro de los centros comerciales.<\/p>\n\n\n\n<p>La reactivaci\u00f3n ser\u00e1 a nivel nacional con excepci\u00f3n de los departamentos de Ica, La Libertad, Arequipa, Hu\u00e1nuco, San Mart\u00edn y las provincias de Santa, Casma y Huaraz del departamento de Ancash.<\/p>\n\n\n\n<p><strong>2.Reactivaci\u00f3n de mercados de abasto:<\/strong><\/p>\n\n\n\n<p>Se reanudar\u00e1n aquellas actividades que a la fecha no se encuentren incluidas en la fase 1 y 2 de reactivaci\u00f3n econ\u00f3mica y que ven\u00edan realiz\u00e1ndose en los mercados de abasto de manera previa a la declaratoria de estado de emergencia.<\/p>\n\n\n\n<p>Tanto los centros comerciales, conglomerados y tiendas por departamento como los mercados de abasto, deber\u00e1n seguir las siguientes disposiciones comunes: (i) Uso obligatorio de mascarillas para todas las personas que ingresen a sus instalaciones, (ii) deber\u00e1n brindar facilidades para el lavado de manos en el ingreso a los locales y (iii) deber\u00e1n mantener el distanciamiento social de al menos un metro.<\/p>\n\n\n\n<p><strong><img fetchpriority=\"high\" decoding=\"async\" width=\"558\" height=\"191\" src=\"\">3.Se incluyen las siguientes actividades en la fase 2 de la reactivaci\u00f3n econ\u00f3mica:<\/strong><\/p>\n\n\n\n<p><\/p>\n\n\n\n<p><strong>4.Disposiciones respecto al manejo de residuos de actividades que se reactiven:<\/strong><\/p>\n\n\n\n<p>Las empresas, entidades, personas jur\u00eddicas o naturales que reinicien sus actividades deben segregar en la fuente los residuos s\u00f3lidos que generen de manera obligatoria y deber\u00e1n cumplir con lo establecido en la Ley N\u00ba 30884 que regula el pl\u00e1stico de un solo uso y los recipientes o envases descartables y su Reglamento, pudiendo solicitar asistencia t\u00e9cnica en forma agremiada o asociada al Ministerio del Ambiente para el cumplimiento de dichas disposiciones. Asimismo, los generadores de residuos municipales se encuentran obligados a entregar los residuos debidamente segregados a asociaciones de recicladores formalizados u operadores de residuos s\u00f3lidos debidamente autorizados o a las municipalidades que presten el servicio. Por su parte, los generadores de residuos no municipales se encuentran obligados a entregar los residuos debidamente segregados, a las asociaciones de recicladores formalizadas u operadores de residuos s\u00f3lidos debidamente autorizados; siempre que se trate de residuos s\u00f3lidos similares a los municipales.<\/p>\n\n\n\n<p><strong>5.Modifican el art\u00edculo 3 del Decreto Supremo N\u00ba 094-2020-PCM:<br><\/strong>Se modifica el primer p\u00e1rrafo del numeral 3.2. del art\u00edculo 3 precisando que la continuidad o reanudaci\u00f3n de las actividades econ\u00f3micas en los departamentos de Ica, La Libertad, Arequipa, Hu\u00e1nuco, San Mart\u00edn y las provincias de Santa, Casma y Huaraz del departamento de Ancash se rigen de acuerdo a lo se\u00f1alado en los Decretos Supremos N\u00ba 080-2020-PCM, N\u00ba 101-2020-PCM y N\u00ba 103-2020-PCM y el Decreto Supremo N\u00b0094-2020-PCM.<\/p>\n\n\n\n<p>Todo lo anterior consta en el Decreto Supremo N\u00b0 110-2020-PCM publicado hoy d\u00eda.<\/p>\n\n\n\n<hr class=\"wp-block-separator\"\/>\n\n\n\n<p class=\"has-text-align-center\">Para mayor informaci\u00f3n sobre el tema tratado contactarse con los abogados del Estudio: <\/p>\n\n\n\n<p class=\"has-text-align-center\">Dr. Luis Gasta\u00f1eta, Dr. Agust\u00edn Yrigoyen, Dra. Shirley C\u00e1rdenas, Dr. Alfonso Tola, Dra. Mar\u00eda Soledad Gasta\u00f1eta y el Dr. Sergio Chang.<\/p>\n\n\n\n<hr class=\"wp-block-separator\"\/>\n\n\n\n<p><em>La informaci\u00f3n contenida en este documento no constituye ni pretende constituir asesor\u00eda o asistencia legal directa o indirecta de ninguna especie, ni establece ning\u00fan tipo de relaci\u00f3n profesional.<\/em><\/p>\n\n\n\n<p><em>Asimismo, tampoco pretende hacer publicidad de los servicios prestados por nuestra firma ni por ninguno de sus abogados. El \u00fanico prop\u00f3sito es dar informaci\u00f3n de car\u00e1cter general respecto de temas que pueden ser de inter\u00e9s para los clientes y amigos de nuestra firma. Este informativo, as\u00ed como otros informes generales y art\u00edculos de inter\u00e9s preparados por los abogados del Estudio, podr\u00e1n encontrarse en nuestra p\u00e1gina web: <a href=\"http:\/\/localhost\/wordpress.pe\" target=\"_blank\" rel=\"noreferrer noopener\">www.garciasayan.com.pe<\/a><\/em><\/p>\n","protected":false},"excerpt":{"rendered":"<p>El Gobierno aprob\u00f3 hoy la reanudaci\u00f3n de las actividades de centros comerciales, conglomerados, tiendas por departamentos y mercados de abasto, e incluy\u00f3 nuevas actividades en la fase 2 de la reactivaci\u00f3n econ\u00f3mica, siendo las principales normas las siguientes: 1. Reactivaci\u00f3n de centros comerciales, conglomerados y tiendas por departamento: La reapertura de dichos establecimientos ser\u00e1 a [&hellip;]<\/p>\n","protected":false},"author":5,"featured_media":11183,"comment_status":"closed","ping_status":"open","sticky":false,"template":"","format":"standard","meta":{"nf_dc_page":"","content-type":"","footnotes":""},"categories":[76,83],"class_list":["post-11182","post","type-post","status-publish","format-standard","has-post-thumbnail","hentry","category-corporativo","category-covid-19"],"_links":{"self":[{"href":"https:\/\/gsalegal.pe\/en\/wp-json\/wp\/v2\/posts\/11182","targetHints":{"allow":["GET"]}}],"collection":[{"href":"https:\/\/gsalegal.pe\/en\/wp-json\/wp\/v2\/posts"}],"about":[{"href":"https:\/\/gsalegal.pe\/en\/wp-json\/wp\/v2\/types\/post"}],"author":[{"embeddable":true,"href":"https:\/\/gsalegal.pe\/en\/wp-json\/wp\/v2\/users\/5"}],"replies":[{"embeddable":true,"href":"https:\/\/gsalegal.pe\/en\/wp-json\/wp\/v2\/comments?post=11182"}],"version-history":[{"count":0,"href":"https:\/\/gsalegal.pe\/en\/wp-json\/wp\/v2\/posts\/11182\/revisions"}],"wp:featuredmedia":[{"embeddable":true,"href":"https:\/\/gsalegal.pe\/en\/wp-json\/"}],"wp:attachment":[{"href":"https:\/\/gsalegal.pe\/en\/wp-json\/wp\/v2\/media?parent=11182"}],"wp:term":[{"taxonomy":"category","embeddable":true,"href":"https:\/\/gsalegal.pe\/en\/wp-json\/wp\/v2\/categories?post=11182"}],"curies":[{"name":"wp","href":"https:\/\/api.w.org\/{rel}","templated":true}]}}