{"id":11184,"date":"2020-06-18T15:03:16","date_gmt":"2020-06-18T20:03:16","guid":{"rendered":"http:\/\/localhost\/wordpress\/?p=10480"},"modified":"2020-06-18T15:03:16","modified_gmt":"2020-06-18T20:03:16","slug":"covid-19-incorporacion-al-listado-de-enfermedades-profesionales-de-los-servidores-de-salud","status":"publish","type":"post","link":"https:\/\/gsalegal.pe\/en\/covid-19-incorporacion-al-listado-de-enfermedades-profesionales-de-los-servidores-de-salud\/","title":{"rendered":"COVID-19: Incorporaci\u00f3n al listado de Enfermedades Profesionales de los servidores de salud"},"content":{"rendered":"\n<p>En la fecha, se public\u00f3 la Ley N\u00b031025, la misma que ha dispuesto incorporar a la enfermedad causada por el COVID-19 dentro del listado de enfermedades profesionales de los servidores de salud.<\/p>\n\n\n\n<p>Para dichos fines, la mencionada ley dispone incorporar una sexta disposici\u00f3n complementaria en la Ley N\u00b026790, Ley de Modernizaci\u00f3n de la Seguridad Social en Salud reconociendo a la enfermedad ocasionada por el COVID-19 como enfermedad profesional de los servidores de salud.<\/p>\n\n\n\n<p>Asimismo, la mencionada norma faculta al Poder Ejecutivo para que, en un plazo de treinta d\u00edas h\u00e1biles, adec\u00fae la Resoluci\u00f3n Ministerial N\u00b0480-2008-MINSA, la cual aprueba la norma t\u00e9cnica de salud que establece el listado de enfermedades profesionales y dem\u00e1s normas complementarias, a fin de cumplir con lo dispuesto en la Ley comentada.<\/p>\n\n\n\n<hr class=\"wp-block-separator\"\/>\n\n\n\n<p class=\"has-text-align-center\">Para mayor informaci\u00f3n sobre el tema tratado contactarse con los abogados de nuestra \u00c1rea Laboral:<\/p>\n\n\n\n<p class=\"has-text-align-center\">Alberto Varillas Cueto, Jaime Durand Planas, Macarena Morales Mailhe, Claudia Seminario G\u00f3mez, Fressia Sanchez Tu\u00f1oque, Sara Kalinicos Garc\u00eda, Jos\u00e9 Andr\u00e9s Piedra Pereira; y Grecia Elena Aldonate Pinto.<\/p>\n\n\n\n<hr class=\"wp-block-separator\"\/>\n\n\n\n<p><em>La informaci\u00f3n contenida en este documento no constituye ni pretende constituir asesor\u00eda o asistencia legal directa o indirecta de ninguna especie, ni establece ning\u00fan tipo de relaci\u00f3n profesional. <\/em><\/p>\n\n\n\n<p><em>Asimismo, tampoco pretende hacer publicidad de los servicios prestados por nuestra firma ni por ninguno de sus abogados. El \u00fanico prop\u00f3sito es dar informaci\u00f3n de car\u00e1cter general respecto de temas que pueden ser de inter\u00e9s para los clientes y amigos de nuestra firma. Este informativo, as\u00ed como otros informes generales y art\u00edculos de inter\u00e9s preparados por los abogados del Estudio podr\u00e1n encontrarse en nuestra p\u00e1gina web: <a href=\"http:\/\/localhost\/wordpress.pe\" target=\"_blank\" rel=\"noreferrer noopener\">www.garciasayan.com.pe<\/a><\/em><\/p>\n","protected":false},"excerpt":{"rendered":"<p>En la fecha, se public\u00f3 la Ley N\u00b031025, la misma que ha dispuesto incorporar a la enfermedad causada por el COVID-19 dentro del listado de enfermedades profesionales de los servidores de salud. Para dichos fines, la mencionada ley dispone incorporar una sexta disposici\u00f3n complementaria en la Ley N\u00b026790, Ley de Modernizaci\u00f3n de la Seguridad Social [&hellip;]<\/p>\n","protected":false},"author":5,"featured_media":11093,"comment_status":"closed","ping_status":"open","sticky":false,"template":"","format":"standard","meta":{"nf_dc_page":"","content-type":"","footnotes":""},"categories":[83,37],"class_list":["post-11184","post","type-post","status-publish","format-standard","has-post-thumbnail","hentry","category-covid-19","category-laboral"],"_links":{"self":[{"href":"https:\/\/gsalegal.pe\/en\/wp-json\/wp\/v2\/posts\/11184","targetHints":{"allow":["GET"]}}],"collection":[{"href":"https:\/\/gsalegal.pe\/en\/wp-json\/wp\/v2\/posts"}],"about":[{"href":"https:\/\/gsalegal.pe\/en\/wp-json\/wp\/v2\/types\/post"}],"author":[{"embeddable":true,"href":"https:\/\/gsalegal.pe\/en\/wp-json\/wp\/v2\/users\/5"}],"replies":[{"embeddable":true,"href":"https:\/\/gsalegal.pe\/en\/wp-json\/wp\/v2\/comments?post=11184"}],"version-history":[{"count":0,"href":"https:\/\/gsalegal.pe\/en\/wp-json\/wp\/v2\/posts\/11184\/revisions"}],"wp:featuredmedia":[{"embeddable":true,"href":"https:\/\/gsalegal.pe\/en\/wp-json\/"}],"wp:attachment":[{"href":"https:\/\/gsalegal.pe\/en\/wp-json\/wp\/v2\/media?parent=11184"}],"wp:term":[{"taxonomy":"category","embeddable":true,"href":"https:\/\/gsalegal.pe\/en\/wp-json\/wp\/v2\/categories?post=11184"}],"curies":[{"name":"wp","href":"https:\/\/api.w.org\/{rel}","templated":true}]}}