{"id":11187,"date":"2020-06-17T14:36:53","date_gmt":"2020-06-17T19:36:53","guid":{"rendered":"http:\/\/localhost\/wordpress\/?p=10472"},"modified":"2020-06-17T14:36:53","modified_gmt":"2020-06-17T19:36:53","slug":"minam-disposiciones-para-realizar-el-trabajo-de-campo-en-la-elaboracion-de-la-linea-base-de-los-instrumentos-de-gestion-ambiental","status":"publish","type":"post","link":"https:\/\/gsalegal.pe\/en\/minam-disposiciones-para-realizar-el-trabajo-de-campo-en-la-elaboracion-de-la-linea-base-de-los-instrumentos-de-gestion-ambiental\/","title":{"rendered":"MINAM: Disposiciones para realizar el trabajo de campo en la elaboraci\u00f3n de la l\u00ednea base de los instrumentos de gesti\u00f3n ambiental"},"content":{"rendered":"\n<p>El 17 de junio el Ministerio del Ambiente, a trav\u00e9s de la Resoluci\u00f3n Ministerial N\u00ba 108-2020-MINAM, aprob\u00f3 las Disposiciones para realizar el trabajo de campo en la elaboraci\u00f3n de la l\u00ednea base de los Instrumentos de Gesti\u00f3n Ambiental &#8211; IGA. Dichas Disposiciones establecen las medidas preventivas que deben cumplir los titulares de los proyectos de inversi\u00f3n p\u00fablica, privada y p\u00fablica y privada que efect\u00faen excepcionalmente labores de campo para la elaboraci\u00f3n de la l\u00ednea base de los IGA durante del Estado de Emergencia Nacional y la Emergencia Sanitaria por el COVID-19. Algunas de las Disposiciones seg\u00fan la etapa del trabajo de campo son las siguientes:<\/p>\n\n\n\n<figure class=\"wp-block-table\"><table><tbody><tr><td>Etapa pre campo<\/td><td>1) El personal debe completar una ficha sintomatol\u00f3gica, la cual es de uso interno y no requiere ser presentada a la autoridad competente para su evaluaci\u00f3n y aprobaci\u00f3n, 2) el personal debe realizarse una prueba r\u00e1pida o molecular para COVID-19, el costo es asumido por el titular del proyecto, 3) el titular del proyecto debe contar con un Plan de trabajo sanitario, el cual no requiere evaluaci\u00f3n, ni aprobaci\u00f3n de la autoridad competente, 4) el personal que realice el trabajo de campo debe contar con los implementos de seguridad sanitaria, as\u00ed como contar con equipos de comunicaci\u00f3n operativos.<\/td><\/tr><tr><td>Etapa de campo<\/td><td>El personal que realiza la etapa de campo debe: 1) realizar las actividades teniendo en cuenta el distanciamiento social, 2) llevar puestos los implementos de seguridad sanitaria, 3) limitar al m\u00e1ximo el contacto entre las personas, 4) activar las acciones para el tratamiento y evacuaci\u00f3n, contenidos en el Plan de trabajo sanitario , en caso que el personal presente un caso sospechoso.<\/td><\/tr><tr><td>Etapa post campo<\/td><td>1) Se realiza la desinfecci\u00f3n del personal, as\u00ed como de los equipos, muestras recolectadas (envases) e insumos utilizados en el desarrollo de la misma, 2) el personal debe completar la ficha sintomatol\u00f3gica con datos actualizados, 3) el personal debe realizar una prueba r\u00e1pida o molecular para COVID-19.<\/td><\/tr><\/tbody><\/table><\/figure>\n\n\n\n<hr class=\"wp-block-separator\"\/>\n\n\n\n<p class=\"has-text-align-center\">Para m\u00e1s informaci\u00f3n sobre los temas tratados contactarse con los abogados de nuestra \u00c1rea de Recursos Naturales y Medio Ambiente:<\/p>\n\n\n\n<p class=\"has-text-align-center\">Jos\u00e9 Miguel Morales Dasso, Alberto Varillas Cueto, Edgardo Portaro van Oordt, Felipe Del \u00c1guila, Samantha Boy Roca y Jos\u00e9 Castillo.<\/p>\n\n\n\n<hr class=\"wp-block-separator\"\/>\n\n\n\n<p><em>La informaci\u00f3n contenida en este documento no constituye ni pretende constituir asesor\u00eda o asistencia legal directa o indirecta de ninguna especie, ni establece ning\u00fan tipo de relaci\u00f3n profesional.<\/em><\/p>\n\n\n\n<p><em>Asimismo, tampoco pretende hacer publicidad de los servicios prestados por nuestra firma ni por ninguno de sus abogados. El \u00fanico prop\u00f3sito es dar informaci\u00f3n de car\u00e1cter general respecto de temas que pueden ser de inter\u00e9s para los clientes y amigos de nuestra firma. Este informativo, as\u00ed como otros informes generales y art\u00edculos de inter\u00e9s preparados por los abogados del Estudio podr\u00e1n encontrarse en nuestra p\u00e1gina web: <a href=\"http:\/\/localhost\/wordpress.pe\" target=\"_blank\" rel=\"noreferrer noopener\">www.garciasayan.com.pe<\/a><\/em><\/p>\n","protected":false},"excerpt":{"rendered":"<p>El 17 de junio el Ministerio del Ambiente, a trav\u00e9s de la Resoluci\u00f3n Ministerial N\u00ba 108-2020-MINAM, aprob\u00f3 las Disposiciones para realizar el trabajo de campo en la elaboraci\u00f3n de la l\u00ednea base de los Instrumentos de Gesti\u00f3n Ambiental &#8211; IGA. Dichas Disposiciones establecen las medidas preventivas que deben cumplir los titulares de los proyectos de [&hellip;]<\/p>\n","protected":false},"author":5,"featured_media":11093,"comment_status":"closed","ping_status":"open","sticky":false,"template":"","format":"standard","meta":{"nf_dc_page":"","content-type":"","footnotes":""},"categories":[83,79],"class_list":["post-11187","post","type-post","status-publish","format-standard","has-post-thumbnail","hentry","category-covid-19","category-recursos-naturales"],"_links":{"self":[{"href":"https:\/\/gsalegal.pe\/en\/wp-json\/wp\/v2\/posts\/11187","targetHints":{"allow":["GET"]}}],"collection":[{"href":"https:\/\/gsalegal.pe\/en\/wp-json\/wp\/v2\/posts"}],"about":[{"href":"https:\/\/gsalegal.pe\/en\/wp-json\/wp\/v2\/types\/post"}],"author":[{"embeddable":true,"href":"https:\/\/gsalegal.pe\/en\/wp-json\/wp\/v2\/users\/5"}],"replies":[{"embeddable":true,"href":"https:\/\/gsalegal.pe\/en\/wp-json\/wp\/v2\/comments?post=11187"}],"version-history":[{"count":0,"href":"https:\/\/gsalegal.pe\/en\/wp-json\/wp\/v2\/posts\/11187\/revisions"}],"wp:featuredmedia":[{"embeddable":true,"href":"https:\/\/gsalegal.pe\/en\/wp-json\/"}],"wp:attachment":[{"href":"https:\/\/gsalegal.pe\/en\/wp-json\/wp\/v2\/media?parent=11187"}],"wp:term":[{"taxonomy":"category","embeddable":true,"href":"https:\/\/gsalegal.pe\/en\/wp-json\/wp\/v2\/categories?post=11187"}],"curies":[{"name":"wp","href":"https:\/\/api.w.org\/{rel}","templated":true}]}}