{"id":11188,"date":"2020-06-17T14:32:58","date_gmt":"2020-06-17T19:32:58","guid":{"rendered":"http:\/\/localhost\/wordpress\/?p=10470"},"modified":"2020-06-17T14:32:58","modified_gmt":"2020-06-17T19:32:58","slug":"fe-de-erratas-para-el-decreto-legislativo-n-1513-el-cual-aprueba-medidas-de-caracter-excepcional-para-el-deshacinamiento-de-los-establecimientos-penitenciarios","status":"publish","type":"post","link":"https:\/\/gsalegal.pe\/en\/fe-de-erratas-para-el-decreto-legislativo-n-1513-el-cual-aprueba-medidas-de-caracter-excepcional-para-el-deshacinamiento-de-los-establecimientos-penitenciarios\/","title":{"rendered":"Fe de erratas para el Decreto Legislativo N\u00b0 1513, el cual aprueba medidas de car\u00e1cter excepcional para el deshacinamiento de los establecimientos penitenciarios"},"content":{"rendered":"\n<p>Con fecha 4 de junio de 2020 se public\u00f3 en el diario oficial El Peruano, el Decreto Legislativo N\u00b0 1513, mediante el cual, se aprobaron diversas medidas de car\u00e1cter excepcional para el deshacinamiento de establecimientos penitenciarios y centros juveniles por alto riesgo de contagio del virus Covid-19.<\/p>\n\n\n\n<p>El Decreto Legislativo mencionado busca impactar positivamente en el deshacinamiento de la poblaci\u00f3n penitenciaria y de centros juveniles a nivel nacional de manera gradual, con ciertas restricciones procedimentales y para algunos delitos; a fin de preservar la integridad, vida y salud de las personas internas en establecimientos penitenciarios y centros juveniles, y de manera indirecta, la vida e integridad de los servidores que trabajan en estos centros, y de la ciudadan\u00eda en general.<\/p>\n\n\n\n<p>En ese orden de ideas, el d\u00eda de hoy martes 16 de junio se public\u00f3 en el diario oficial El Peruano una Fe de Erratas del Decreto Legislativo N\u00b0 1513, con el objetivo de modificar el art\u00edculo 2.1 y 15.2, en lo referente a la cesaci\u00f3n de la prisi\u00f3n preventiva y las variaciones de las medidas socioeducativas, respectivamente.<\/p>\n\n\n\n<p>As\u00ed, tenemos que la fe de erratas modifica la normativa de la siguiente manera:<\/p>\n\n\n\n<ol class=\"wp-block-list\" type=\"1\"><li>En el art\u00edculo 2.1 se dispone la cesaci\u00f3n de la prisi\u00f3n preventiva para todos los internos e internas que se encuentren en calidad de procesados o procesadas que cumplan con los requisitos establecidos en el siguiente apartados de manera concurrente. La modificaci\u00f3n gira en torno a agregar la posibilidad de que los presupuestos para la cesaci\u00f3n de la prisi\u00f3n preventiva <strong>sean concurrentes o no, <\/strong>de esa manera se abre la posibilidad de que no todos los requisitos se deban aplicar de manera coincidente, sino que estos se puedan dar de forma conjunta o indistinta.<\/li><li>En ese mismo sentido, el art\u00edculo 15.2, que regula los presupuesto para las variaciones de la medidas socioeducativas, establece que no proceder\u00e1n estas variaciones cuando se encuentren de manera concurrente cualquiera de los supuestos que indica el apartado normativo pertinente, es as\u00ed que, la fe de erratas se\u00f1ala que estos presupuestos podr\u00e1n ser aplicados de manera concurrente como no y ya no de forma coincidente entre cada uno de ellos.<\/li><\/ol>\n\n\n\n<hr class=\"wp-block-separator\"\/>\n\n\n\n<p class=\"has-text-align-center\">Para mayor informaci\u00f3n sobre los temas tratados contactarse con los abogados de nuestra \u00c1rea de Penal Empresarial:<\/p>\n\n\n\n<p class=\"has-text-align-center\">Diego Martin Calmet Mujica y Maria Ximena Schmiel Balarezo.<\/p>\n\n\n\n<hr class=\"wp-block-separator\"\/>\n\n\n\n<p><em>La informaci\u00f3n contenida en este documento no constituye ni pretende constituir asesor\u00eda o asistencia legal directa o indirecta de ninguna especie, ni establece ning\u00fan tipo de relaci\u00f3n profesional. <\/em><\/p>\n\n\n\n<p><em>Asimismo, tampoco pretende hacer publicidad de los servicios prestados por nuestra firma ni por ninguno de sus abogados. El \u00fanico prop\u00f3sito es dar informaci\u00f3n de car\u00e1cter general respecto de temas que pueden ser de inter\u00e9s para los clientes y amigos de nuestra firma. Este informativo, as\u00ed como otros informes generales y art\u00edculos de inter\u00e9s preparados por los abogados del Estudio podr\u00e1n encontrarse en nuestra p\u00e1gina web: <a href=\"http:\/\/www.gsalegal.pe\">www.gsalegal.pe<\/a><\/em><\/p>\n","protected":false},"excerpt":{"rendered":"<p>Con fecha 4 de junio de 2020 se public\u00f3 en el diario oficial El Peruano, el Decreto Legislativo N\u00b0 1513, mediante el cual, se aprobaron diversas medidas de car\u00e1cter excepcional para el deshacinamiento de establecimientos penitenciarios y centros juveniles por alto riesgo de contagio del virus Covid-19. El Decreto Legislativo mencionado busca impactar positivamente en [&hellip;]<\/p>\n","protected":false},"author":5,"featured_media":11189,"comment_status":"closed","ping_status":"open","sticky":false,"template":"","format":"standard","meta":{"nf_dc_page":"","content-type":"","footnotes":""},"categories":[83,85],"class_list":["post-11188","post","type-post","status-publish","format-standard","has-post-thumbnail","hentry","category-covid-19","category-penal"],"_links":{"self":[{"href":"https:\/\/gsalegal.pe\/en\/wp-json\/wp\/v2\/posts\/11188","targetHints":{"allow":["GET"]}}],"collection":[{"href":"https:\/\/gsalegal.pe\/en\/wp-json\/wp\/v2\/posts"}],"about":[{"href":"https:\/\/gsalegal.pe\/en\/wp-json\/wp\/v2\/types\/post"}],"author":[{"embeddable":true,"href":"https:\/\/gsalegal.pe\/en\/wp-json\/wp\/v2\/users\/5"}],"replies":[{"embeddable":true,"href":"https:\/\/gsalegal.pe\/en\/wp-json\/wp\/v2\/comments?post=11188"}],"version-history":[{"count":0,"href":"https:\/\/gsalegal.pe\/en\/wp-json\/wp\/v2\/posts\/11188\/revisions"}],"wp:featuredmedia":[{"embeddable":true,"href":"https:\/\/gsalegal.pe\/en\/wp-json\/"}],"wp:attachment":[{"href":"https:\/\/gsalegal.pe\/en\/wp-json\/wp\/v2\/media?parent=11188"}],"wp:term":[{"taxonomy":"category","embeddable":true,"href":"https:\/\/gsalegal.pe\/en\/wp-json\/wp\/v2\/categories?post=11188"}],"curies":[{"name":"wp","href":"https:\/\/api.w.org\/{rel}","templated":true}]}}