{"id":11197,"date":"2020-06-15T13:23:43","date_gmt":"2020-06-15T18:23:43","guid":{"rendered":"http:\/\/localhost\/wordpress\/?p=10455"},"modified":"2020-06-15T13:23:43","modified_gmt":"2020-06-15T18:23:43","slug":"establecen-plazo-de-presentacion-de-la-declaracion-anual-consolidada-dac-correspondiente-al-ano-2019","status":"publish","type":"post","link":"https:\/\/gsalegal.pe\/en\/establecen-plazo-de-presentacion-de-la-declaracion-anual-consolidada-dac-correspondiente-al-ano-2019\/","title":{"rendered":"Establecen plazo de presentaci\u00f3n de la Declaraci\u00f3n Anual Consolidada (DAC) correspondiente al A\u00f1o 2019"},"content":{"rendered":"\n<p>El 15 de junio, el MINEM, a trav\u00e9s de la Resoluci\u00f3n Directoral N\u00b0 0378-2020-MINEM-DGM, precis\u00f3 que el plazo de presentaci\u00f3n de la Declaraci\u00f3n Anual Consolidada (DAC) correspondiente al a\u00f1o 2019 vencer\u00e1 de acuerdo al siguiente cronograma, considerando el \u00faltimo d\u00edgito del n\u00famero de Registro \u00danico de Contribuyentes (RUC) de los titulares de la actividad minera. Adem\u00e1s, se contempla dentro de este cronograma a los titulares de actividad minera que no cuenten con RUC:<\/p>\n\n\n\n<figure class=\"wp-block-table\"><table><tbody><tr><td><strong>\u00daLTIMO D\u00cdGITO DEL RUC<\/strong><\/td><td><strong>FECHA DE VENCIMIENTO<\/strong><\/td><\/tr><tr><td>Titulares sin RUC <br>0-2 <br>3-5 <br>6-9<\/td><td>25 de setiembre de 2020 <br>26 de setiembre de 2020 <br>29 de setiembre de 2020 <br>30 de setiembre de 2020<\/td><\/tr><\/tbody><\/table><\/figure>\n\n\n\n<p>Adem\u00e1s, la presentaci\u00f3n de la Declaraci\u00f3n Anual Consolidada (DAC), as\u00ed como de los anexos, se realizar\u00e1 de manera gratuita accediendo v\u00eda internet a la p\u00e1gina web: <a href=\"http:\/\/extranet.minem.gob.pe\" target=\"_blank\" rel=\"noopener\">http:\/\/extranet.minem.gob.pe<\/a>.<\/p>\n\n\n\n<hr class=\"wp-block-separator\"\/>\n\n\n\n<p class=\"has-text-align-center\">Para m\u00e1s informaci\u00f3n sobre los temas tratados contactarse con los abogados de nuestra \u00c1rea de Recursos Naturales y Medio Ambiente:<\/p>\n\n\n\n<p class=\"has-text-align-center\">Jos\u00e9 Miguel Morales Dasso, Alberto Varillas Cueto, Edgardo Portaro van Oordt, Felipe Del \u00c1guila, Samantha Boy Roca y Jos\u00e9 Castillo.<\/p>\n\n\n\n<hr class=\"wp-block-separator\"\/>\n\n\n\n<p><em>La informaci\u00f3n contenida en este documento no constituye ni pretende constituir asesor\u00eda o asistencia legal directa o indirecta de ninguna especie, ni establece ning\u00fan tipo de relaci\u00f3n profesional.<\/em><\/p>\n\n\n\n<p><em>Asimismo, tampoco pretende hacer publicidad de los servicios prestados por nuestra firma ni por ninguno de sus abogados. El \u00fanico prop\u00f3sito es dar informaci\u00f3n de car\u00e1cter general respecto de temas que pueden ser de inter\u00e9s para los clientes y amigos de nuestra firma. Este informativo, as\u00ed como otros informes generales y art\u00edculos de inter\u00e9s preparados por los abogados del Estudio podr\u00e1n encontrarse en nuestra p\u00e1gina web: <a href=\"http:\/\/localhost\/wordpress.pe\" target=\"_blank\" rel=\"noreferrer noopener\">www.garciasayan.com.pe<\/a><\/em><\/p>\n","protected":false},"excerpt":{"rendered":"<p>El 15 de junio, el MINEM, a trav\u00e9s de la Resoluci\u00f3n Directoral N\u00b0 0378-2020-MINEM-DGM, precis\u00f3 que el plazo de presentaci\u00f3n de la Declaraci\u00f3n Anual Consolidada (DAC) correspondiente al a\u00f1o 2019 vencer\u00e1 de acuerdo al siguiente cronograma, considerando el \u00faltimo d\u00edgito del n\u00famero de Registro \u00danico de Contribuyentes (RUC) de los titulares de la actividad minera. [&hellip;]<\/p>\n","protected":false},"author":5,"featured_media":11198,"comment_status":"closed","ping_status":"open","sticky":false,"template":"","format":"standard","meta":{"nf_dc_page":"","content-type":"","footnotes":""},"categories":[83,79],"class_list":["post-11197","post","type-post","status-publish","format-standard","has-post-thumbnail","hentry","category-covid-19","category-recursos-naturales"],"_links":{"self":[{"href":"https:\/\/gsalegal.pe\/en\/wp-json\/wp\/v2\/posts\/11197","targetHints":{"allow":["GET"]}}],"collection":[{"href":"https:\/\/gsalegal.pe\/en\/wp-json\/wp\/v2\/posts"}],"about":[{"href":"https:\/\/gsalegal.pe\/en\/wp-json\/wp\/v2\/types\/post"}],"author":[{"embeddable":true,"href":"https:\/\/gsalegal.pe\/en\/wp-json\/wp\/v2\/users\/5"}],"replies":[{"embeddable":true,"href":"https:\/\/gsalegal.pe\/en\/wp-json\/wp\/v2\/comments?post=11197"}],"version-history":[{"count":0,"href":"https:\/\/gsalegal.pe\/en\/wp-json\/wp\/v2\/posts\/11197\/revisions"}],"wp:featuredmedia":[{"embeddable":true,"href":"https:\/\/gsalegal.pe\/en\/wp-json\/"}],"wp:attachment":[{"href":"https:\/\/gsalegal.pe\/en\/wp-json\/wp\/v2\/media?parent=11197"}],"wp:term":[{"taxonomy":"category","embeddable":true,"href":"https:\/\/gsalegal.pe\/en\/wp-json\/wp\/v2\/categories?post=11197"}],"curies":[{"name":"wp","href":"https:\/\/api.w.org\/{rel}","templated":true}]}}