{"id":11218,"date":"2020-06-11T16:45:18","date_gmt":"2020-06-11T21:45:18","guid":{"rendered":"http:\/\/localhost\/wordpress\/?p=10447"},"modified":"2020-06-11T16:45:18","modified_gmt":"2020-06-11T21:45:18","slug":"plan-para-la-vigilancia-prevencion-y-control-de-covid-19-en-el-trabajo-nuevas-disposiciones","status":"publish","type":"post","link":"https:\/\/gsalegal.pe\/en\/plan-para-la-vigilancia-prevencion-y-control-de-covid-19-en-el-trabajo-nuevas-disposiciones\/","title":{"rendered":"Plan para la Vigilancia, Prevenci\u00f3n y Control de COVID-19 en el trabajo: Nuevas disposiciones"},"content":{"rendered":"\n<p>En la fecha, se public\u00f3 la Resoluci\u00f3n Ministerial N\u00b0377-2020-MINSA, que establece que el Centro Nacional de Salud Ocupacional y Protecci\u00f3n del Ambiente para la Salud (CENSOPAS) se encargar\u00e1 de la administraci\u00f3n del registro del Plan para la Vigilancia, Prevenci\u00f3n y Control de COVID-19 en el trabajo y nuevas disposiciones adicionales:<\/p>\n\n\n\n<figure class=\"wp-block-table\"><table><tbody><tr><td class=\"has-text-align-center\" data-align=\"center\"><strong>Registro y actualizaci\u00f3n<\/strong><\/td><td>&#8211; Las personas jur\u00eddicas autorizadas para el reinicio de actividades, registran su Plan en el Sistema Integrado para COVID-19 (SISCOVID-19) del Ministerio de Salud.<br>&#8211; El Plan se actualiza mensualmente, en la misma oportunidad en la que debe remitirse la PLAME, conforme al \u00faltimo d\u00edgito del RUC.<\/td><\/tr><tr><td class=\"has-text-align-center\" data-align=\"center\"><strong>Fiscalizaci\u00f3n Posterior<\/strong><\/td><td>&#8211; El CENSOPAS realiza la fiscalizaci\u00f3n posterior de los Planes registrados, verificando lo siguiente:<br>a) Llenado completo de los campos obligatorios del registro.<br>b) Datos de contacto que permitan una comunicaci\u00f3n oficial; y que sus titulares se identifiquen como tales.<br>c) Informaci\u00f3n vinculada con la seguridad y salud de trabajadores y prestadores de servicios sea aut\u00e9ntica y conforme a los \u201cLineamientos para la vigilancia de la salud de los trabajadores con riesgo de exposici\u00f3n a COVID-19\u201d, aprobados por Resoluci\u00f3n Ministerial N\u00b0239-2020\/MINSA, o norma que la sustituya.<br>d) Otras materias de competencia del Ministerio de Salud.<\/td><\/tr><tr><td class=\"has-text-align-center\" data-align=\"center\"><strong>Medidas correctivas<\/strong><\/td><td>&#8211; De advertirse incumplimientos o informaci\u00f3n falsa, se emite la medida correctiva de suspensi\u00f3n o cancelaci\u00f3n del registro hasta que se subsane la infracci\u00f3n detectada en la fiscalizaci\u00f3n posterior.<br>&#8211; La medida correctiva es comunicada al Sector que autoriz\u00f3 la reanudaci\u00f3n de actividades, a la Direcci\u00f3n Regional de Salud o Gerencia Regional de Salud.<\/td><\/tr><tr><td class=\"has-text-align-center\" data-align=\"center\"><strong>&nbsp;<\/strong> <strong>Comunicaci\u00f3n a trabajadores<\/strong><strong><\/strong><\/td><td>&#8211; Las personas jur\u00eddicas autorizadas para el reinicio de actividades, que cuenten con el Plan registrado en el SISCOVID-19, deben remitir, dentro de las 24 horas siguientes, una copia del Plan a todos los trabajadores.<\/td><\/tr><tr><td class=\"has-text-align-center\" data-align=\"center\"><strong>Registro de Incidencias<\/strong><\/td><td>&#8211; CENSOPAS establece un Registro de Incidencias comunicadas por empleadores y trabajadores. <br>&#8211; CENSOPAS puede comunicarse mediante medios remotos, con los profesionales del Servicio de Seguridad y Salud en el Trabajo o los miembros del Comit\u00e9 de Seguridad y Salud en el Trabajo, para efectos de determinar la autenticidad de la declaraci\u00f3n efectuada en el Plan.<br>&#8211; La informaci\u00f3n del Registro de Incidencias es remitida a la SUNAFIL, SUSALUD, a los Sectores y a los gobiernos locales.<br>&#8211; El empleador debe responder los requerimientos en el plazo fijado.<\/td><\/tr><tr><td class=\"has-text-align-center\" data-align=\"center\"><strong>Registro de Profesionales de Salud del Servicio de Seguridad y Salud en el Trabajo<\/strong><strong><\/strong><\/td><td>&#8211; El Registro est\u00e1 integrado por los profesionales consignados en el Plan por las personas jur\u00eddicas que est\u00e9n autorizadas para el reinicio de actividades.<br>&#8211; Estos profesionales est\u00e1n obligados a responder en los plazos fijados los requerimientos.<\/td><\/tr><tr><td class=\"has-text-align-center\" data-align=\"center\"><strong>&nbsp;<\/strong> <strong>&nbsp;<\/strong> <strong>&nbsp;<\/strong> <strong>&nbsp;<\/strong> <strong>&nbsp;<\/strong> <strong>Informaci\u00f3n<\/strong><strong><\/strong><\/td><td>&#8211; CENSOPAS establece, en el plazo de 4 d\u00edas h\u00e1biles de publicada la resoluci\u00f3n comentada, una l\u00ednea telef\u00f3nica dedicada a absolver las consultas de empleadores y trabajadores respecto del Plan.<br>&#8211; CENSOPAS publica cada 15 d\u00edas calendario la siguiente informaci\u00f3n:Las personas jur\u00eddicas que cuenten con un Plan registrado en el SISCOVID-19.El Registro de Incidencias.Las personas jur\u00eddicas que fueron sujetas a fiscalizaci\u00f3n posterior y que cuenten con medida correctiva de suspensi\u00f3n o cancelaci\u00f3n del registro.<\/td><\/tr><\/tbody><\/table><\/figure>\n\n\n\n<hr class=\"wp-block-separator\"\/>\n\n\n\n<p class=\"has-text-align-center\">Para mayor informaci\u00f3n sobre el tema tratado contactarse con los abogados de nuestra \u00c1rea Laboral: <\/p>\n\n\n\n<p class=\"has-text-align-center\">Alberto Varillas Cueto, Jaime Durand Planas, Macarena Morales Mailhe, Claudia Seminario G\u00f3mez, Fressia Sanchez Tu\u00f1oque, Sara Kalinicos Garc\u00eda, Jos\u00e9 Andr\u00e9s Piedra Pereira; y Grecia Elena Aldonate Pinto.<\/p>\n\n\n\n<hr class=\"wp-block-separator\"\/>\n\n\n\n<p><em>La informaci\u00f3n contenida en este documento no constituye ni pretende constituir asesor\u00eda o asistencia legal directa o indirecta de ninguna especie, ni establece ning\u00fan tipo de relaci\u00f3n profesional. <\/em><\/p>\n\n\n\n<p><em>Asimismo, tampoco pretende hacer publicidad de los servicios prestados por nuestra firma ni por ninguno de sus abogados. El \u00fanico prop\u00f3sito es dar informaci\u00f3n de car\u00e1cter general respecto de temas que pueden ser de inter\u00e9s para los clientes y amigos de nuestra firma. Este informativo, as\u00ed como otros informes generales y art\u00edculos de inter\u00e9s preparados por los abogados del Estudio podr\u00e1n encontrarse en nuestra p\u00e1gina web: <a href=\"http:\/\/localhost\/wordpress.pe\" target=\"_blank\" rel=\"noreferrer noopener\">www.garciasayan.com.pe<\/a><\/em><\/p>\n","protected":false},"excerpt":{"rendered":"<p>En la fecha, se public\u00f3 la Resoluci\u00f3n Ministerial N\u00b0377-2020-MINSA, que establece que el Centro Nacional de Salud Ocupacional y Protecci\u00f3n del Ambiente para la Salud (CENSOPAS) se encargar\u00e1 de la administraci\u00f3n del registro del Plan para la Vigilancia, Prevenci\u00f3n y Control de COVID-19 en el trabajo y nuevas disposiciones adicionales: Registro y actualizaci\u00f3n &#8211; Las [&hellip;]<\/p>\n","protected":false},"author":5,"featured_media":11093,"comment_status":"closed","ping_status":"open","sticky":false,"template":"","format":"standard","meta":{"nf_dc_page":"","content-type":"","footnotes":""},"categories":[83,37],"class_list":["post-11218","post","type-post","status-publish","format-standard","has-post-thumbnail","hentry","category-covid-19","category-laboral"],"_links":{"self":[{"href":"https:\/\/gsalegal.pe\/en\/wp-json\/wp\/v2\/posts\/11218","targetHints":{"allow":["GET"]}}],"collection":[{"href":"https:\/\/gsalegal.pe\/en\/wp-json\/wp\/v2\/posts"}],"about":[{"href":"https:\/\/gsalegal.pe\/en\/wp-json\/wp\/v2\/types\/post"}],"author":[{"embeddable":true,"href":"https:\/\/gsalegal.pe\/en\/wp-json\/wp\/v2\/users\/5"}],"replies":[{"embeddable":true,"href":"https:\/\/gsalegal.pe\/en\/wp-json\/wp\/v2\/comments?post=11218"}],"version-history":[{"count":0,"href":"https:\/\/gsalegal.pe\/en\/wp-json\/wp\/v2\/posts\/11218\/revisions"}],"wp:featuredmedia":[{"embeddable":true,"href":"https:\/\/gsalegal.pe\/en\/wp-json\/"}],"wp:attachment":[{"href":"https:\/\/gsalegal.pe\/en\/wp-json\/wp\/v2\/media?parent=11218"}],"wp:term":[{"taxonomy":"category","embeddable":true,"href":"https:\/\/gsalegal.pe\/en\/wp-json\/wp\/v2\/categories?post=11218"}],"curies":[{"name":"wp","href":"https:\/\/api.w.org\/{rel}","templated":true}]}}