{"id":11220,"date":"2020-06-10T13:20:05","date_gmt":"2020-06-10T18:20:05","guid":{"rendered":"http:\/\/localhost\/wordpress\/?p=10443"},"modified":"2020-06-10T13:20:05","modified_gmt":"2020-06-10T18:20:05","slug":"minem-establecen-normas-complementarias-a-la-acreditacion-minima-correspondiente-al-ano-2019-y-el-pago-del-derecho-de-vigencia-y-penalidad","status":"publish","type":"post","link":"https:\/\/gsalegal.pe\/en\/minem-establecen-normas-complementarias-a-la-acreditacion-minima-correspondiente-al-ano-2019-y-el-pago-del-derecho-de-vigencia-y-penalidad\/","title":{"rendered":"MINEM: establecen normas complementarias a la acreditaci\u00f3n m\u00ednima correspondiente al a\u00f1o 2019 y el pago del derecho de vigencia y penalidad"},"content":{"rendered":"\n<p>A trav\u00e9s del Decreto Legislativo N<strong>\u00b0<\/strong> 1483 se ampli\u00f3 hasta el 30 de setiembre de 2020 el plazo para la presentaci\u00f3n de la acreditaci\u00f3n de la producci\u00f3n m\u00ednima correspondiente al a\u00f1o 2019, as\u00ed como el plazo para el pago del derecho de vigencia y penalidad. En este sentido, el 10 de junio de 2020, el Ministerio de Energ\u00eda y Minas estableci\u00f3 normas complementarias para el cumplimiento del Decreto Legislativo referido, a trav\u00e9s del Decreto Supremo N<strong>\u00b0<\/strong> 013-2020-EM, del cual, cabe resaltar lo siguiente:<\/p>\n\n\n\n<ul class=\"wp-block-list\"><li>El plazo para la presentaci\u00f3n de la acreditaci\u00f3n de la inversi\u00f3n m\u00ednima correspondiente al a\u00f1o 2019 se ampl\u00eda hasta el 30 de setiembre de 2020.<\/li><\/ul>\n\n\n\n<ul class=\"wp-block-list\"><li>El listado de los derechos mineros cuyos titulares no han cumplido con el pago oportuno del derecho de vigencia y penalidad correspondiente al a\u00f1o 2020, a que hace referencia el numeral 76.2 del art\u00edculo 76 del Decreto Supremo N\u00ba 03-94- EM, Reglamento de Diversos T\u00edtulos del Texto \u00danico Ordenado de la Ley General de Miner\u00eda, es puesto a disposici\u00f3n de los administrados a m\u00e1s tardar el \u00faltimo d\u00eda h\u00e1bil del mes de noviembre de 2020, a trav\u00e9s de la p\u00e1gina web del Instituto Geol\u00f3gico, Minero y Metal\u00fargico-INGEMMET.<\/li><\/ul>\n\n\n\n<hr class=\"wp-block-separator\"\/>\n\n\n\n<p class=\"has-text-align-center\">Para m\u00e1s informaci\u00f3n sobre los temas tratados contactarse con los abogados de nuestra \u00c1rea de Recursos Naturales y Medio Ambiente:<\/p>\n\n\n\n<p class=\"has-text-align-center\">Jos\u00e9 Miguel Morales Dasso, Alberto Varillas Cueto, Edgardo Portaro van Oordt, Felipe Del \u00c1guila, Samantha Boy Roca y Jos\u00e9 Castillo.<\/p>\n\n\n\n<hr class=\"wp-block-separator\"\/>\n\n\n\n<p><em>La informaci\u00f3n contenida en este documento no constituye ni pretende constituir asesor\u00eda o asistencia legal directa o indirecta de ninguna especie, ni establece ning\u00fan tipo de relaci\u00f3n profesional.<\/em><\/p>\n\n\n\n<p><em>Asimismo, tampoco pretende hacer publicidad de los servicios prestados por nuestra firma ni por ninguno de sus abogados. El \u00fanico prop\u00f3sito es dar informaci\u00f3n de car\u00e1cter general respecto de temas que pueden ser de inter\u00e9s para los clientes y amigos de nuestra firma. Este informativo, as\u00ed como otros informes generales y art\u00edculos de inter\u00e9s preparados por los abogados del Estudio podr\u00e1n encontrarse en nuestra p\u00e1gina web: <a href=\"http:\/\/localhost\/wordpress.pe\" target=\"_blank\" rel=\"noreferrer noopener\">www.garciasayan.com.pe<\/a><\/em><\/p>\n","protected":false},"excerpt":{"rendered":"<p>A trav\u00e9s del Decreto Legislativo N\u00b0 1483 se ampli\u00f3 hasta el 30 de setiembre de 2020 el plazo para la presentaci\u00f3n de la acreditaci\u00f3n de la producci\u00f3n m\u00ednima correspondiente al a\u00f1o 2019, as\u00ed como el plazo para el pago del derecho de vigencia y penalidad. En este sentido, el 10 de junio de 2020, el [&hellip;]<\/p>\n","protected":false},"author":5,"featured_media":11096,"comment_status":"open","ping_status":"open","sticky":false,"template":"","format":"standard","meta":{"nf_dc_page":"","content-type":"","footnotes":""},"categories":[83,79],"class_list":["post-11220","post","type-post","status-publish","format-standard","has-post-thumbnail","hentry","category-covid-19","category-recursos-naturales"],"_links":{"self":[{"href":"https:\/\/gsalegal.pe\/en\/wp-json\/wp\/v2\/posts\/11220","targetHints":{"allow":["GET"]}}],"collection":[{"href":"https:\/\/gsalegal.pe\/en\/wp-json\/wp\/v2\/posts"}],"about":[{"href":"https:\/\/gsalegal.pe\/en\/wp-json\/wp\/v2\/types\/post"}],"author":[{"embeddable":true,"href":"https:\/\/gsalegal.pe\/en\/wp-json\/wp\/v2\/users\/5"}],"replies":[{"embeddable":true,"href":"https:\/\/gsalegal.pe\/en\/wp-json\/wp\/v2\/comments?post=11220"}],"version-history":[{"count":0,"href":"https:\/\/gsalegal.pe\/en\/wp-json\/wp\/v2\/posts\/11220\/revisions"}],"wp:featuredmedia":[{"embeddable":true,"href":"https:\/\/gsalegal.pe\/en\/wp-json\/"}],"wp:attachment":[{"href":"https:\/\/gsalegal.pe\/en\/wp-json\/wp\/v2\/media?parent=11220"}],"wp:term":[{"taxonomy":"category","embeddable":true,"href":"https:\/\/gsalegal.pe\/en\/wp-json\/wp\/v2\/categories?post=11220"}],"curies":[{"name":"wp","href":"https:\/\/api.w.org\/{rel}","templated":true}]}}