{"id":11227,"date":"2020-06-08T14:46:00","date_gmt":"2020-06-08T19:46:00","guid":{"rendered":"http:\/\/localhost\/wordpress\/?p=10431"},"modified":"2020-06-08T14:46:00","modified_gmt":"2020-06-08T19:46:00","slug":"aprueban-protocolo-para-uso-de-cuentas-de-correo-electronico-institucional-en-la-corte-suprema","status":"publish","type":"post","link":"https:\/\/gsalegal.pe\/en\/aprueban-protocolo-para-uso-de-cuentas-de-correo-electronico-institucional-en-la-corte-suprema\/","title":{"rendered":"Aprueban protocolo para uso de Cuentas de Correo Electr\u00f3nico Institucional en la Corte Suprema"},"content":{"rendered":"\n<p>El Consejo Ejecutivo del Poder Judicial por Resoluci\u00f3n Administrativa N\u00b0 000068-2020-PCE-PJ, del 6 de junio 2020, aprob\u00f3 el <em>\u201cProtocolo para el uso de las Cuentas de Correo Electr\u00f3nico Institucional para la recepci\u00f3n de Escritos en las Salas de la Corte Suprema de Justicia de la Rep\u00fablica, durante el Per\u00edodo de Emergencia Sanitaria\u201d<\/em>, en tanto no se implemente la Mesa de Partes Electr\u00f3nica.<\/p>\n\n\n\n<p>El referido Protocolo, entre otros aspectos, se\u00f1ala lo siguiente:<\/p>\n\n\n\n<ol class=\"wp-block-list\" type=\"a\"><li>El plazo para el uso de las cuentas de correo electr\u00f3nico institucional para la recepci\u00f3n de escritos ser\u00e1 mientras dure el estado de emergencia sanitaria, de modo excepcional y transitorio y en tanto se implemente en esta instancia la Mesa de Partes Electr\u00f3nica (MPE), incluido el per\u00edodo de reactivaci\u00f3n del Poder Judicial, hasta la regularizaci\u00f3n de actividades del Poder Judicial.<\/li><li>Cada Sala de la Corte Suprema definir\u00e1 el correo institucional que recibir\u00e1 los escritos, el cual, ser\u00e1 un canal de acceso para la presentaci\u00f3n de escritos por abogados con su nombre, colegiatura y firma gr\u00e1fica, as\u00ed como de los escritos presentados con las partes o terceros legitimados con sus correspondientes firmas graficas en PDF.<\/li><li>Las partes procesales pueden formular pedidos o solicitar informes, exclusivamente respecto de la marcha de sus procesos.<\/li><li>Los escritos que se presenten no deber\u00e1n exceder de diez (10) p\u00e1ginas. Si de modo excepcional la parte tuviera que adjuntar alg\u00fan anexo previsto en la ley, \u00e9stos no deber\u00e1n exceder de veinte (20) p\u00e1ginas. No se permitir\u00e1 que se adjunten como anexos resoluciones o decisiones de cualquier entidad al que se pueda tener acceso por internet.<\/li><li>Se podr\u00e1n presentar escritos sin necesidad de hacer uso de la firma electr\u00f3nica; en este caso, deber\u00e1n ser escaneados los escritos debidamente suscritos (firma gr\u00e1fica) por la parte y su abogado, consignando sus nombres, adem\u00e1s, el primero de ellos el n\u00famero de su DNI y el segundo el n\u00famero de su colegiatura; y en su caso, solo por el abogado, quien adem\u00e1s de su firma gr\u00e1fica, consignar\u00e1 su nombre y n\u00famero de colegiatura.<\/li><li>El Presidente de la respectiva Sala de la Corte Suprema, decidir\u00e1, en atenci\u00f3n a la naturaleza o relevancia del pedido, si el escrito presentado deba ser objeto de ratificaci\u00f3n.<\/li><\/ol>\n\n\n\n<hr class=\"wp-block-separator\"\/>\n\n\n\n<p class=\"has-text-align-center\">Para mayor informaci\u00f3n sobre el tema tratado contactarse con los abogados de nuestra \u00c1rea de Litigios.<\/p>\n\n\n\n<p class=\"has-text-align-center\"><strong>Javier Villa Garc\u00eda Vargas, Agust\u00edn Yrigoyen Gonz\u00e1lez del Riego, Carlos Mart\u00edn Ch\u00e1vez Meza, Ra\u00fal Aranda C\u00f3rdova, Rafael S\u00e1nchez R\u00edos<\/strong>.<\/p>\n\n\n\n<hr class=\"wp-block-separator\"\/>\n\n\n\n<p><em>La informaci\u00f3n contenida en este documento no constituye ni pretende constituir asesor\u00eda o asistencia legal directa o indirecta de ninguna especie, ni establece ning\u00fan tipo de relaci\u00f3n profesional.<\/em><\/p>\n\n\n\n<p><em> Asimismo, tampoco pretende hacer publicidad de los servicios prestados por nuestra firma ni por ninguno de sus abogados. El \u00fanico prop\u00f3sito es dar informaci\u00f3n de car\u00e1cter general respecto de temas que pueden ser de inter\u00e9s para los clientes y amigos de nuestra firma. Este\u00a0 informativo as\u00ed como otros informes generales y art\u00edculos de inter\u00e9s preparados por los abogados del Estudio podr\u00e1n encontrarse en nuestra p\u00e1gina web: <a href=\"http:\/\/www.gsalegal.pe\">www.gsalegal.pe<\/a><\/em><\/p>\n","protected":false},"excerpt":{"rendered":"<p>El Consejo Ejecutivo del Poder Judicial por Resoluci\u00f3n Administrativa N\u00b0 000068-2020-PCE-PJ, del 6 de junio 2020, aprob\u00f3 el \u201cProtocolo para el uso de las Cuentas de Correo Electr\u00f3nico Institucional para la recepci\u00f3n de Escritos en las Salas de la Corte Suprema de Justicia de la Rep\u00fablica, durante el Per\u00edodo de Emergencia Sanitaria\u201d, en tanto no [&hellip;]<\/p>\n","protected":false},"author":5,"featured_media":11173,"comment_status":"closed","ping_status":"open","sticky":false,"template":"","format":"standard","meta":{"nf_dc_page":"","content-type":"","footnotes":""},"categories":[83,84],"class_list":["post-11227","post","type-post","status-publish","format-standard","has-post-thumbnail","hentry","category-covid-19","category-litigio"],"_links":{"self":[{"href":"https:\/\/gsalegal.pe\/en\/wp-json\/wp\/v2\/posts\/11227","targetHints":{"allow":["GET"]}}],"collection":[{"href":"https:\/\/gsalegal.pe\/en\/wp-json\/wp\/v2\/posts"}],"about":[{"href":"https:\/\/gsalegal.pe\/en\/wp-json\/wp\/v2\/types\/post"}],"author":[{"embeddable":true,"href":"https:\/\/gsalegal.pe\/en\/wp-json\/wp\/v2\/users\/5"}],"replies":[{"embeddable":true,"href":"https:\/\/gsalegal.pe\/en\/wp-json\/wp\/v2\/comments?post=11227"}],"version-history":[{"count":0,"href":"https:\/\/gsalegal.pe\/en\/wp-json\/wp\/v2\/posts\/11227\/revisions"}],"wp:featuredmedia":[{"embeddable":true,"href":"https:\/\/gsalegal.pe\/en\/wp-json\/"}],"wp:attachment":[{"href":"https:\/\/gsalegal.pe\/en\/wp-json\/wp\/v2\/media?parent=11227"}],"wp:term":[{"taxonomy":"category","embeddable":true,"href":"https:\/\/gsalegal.pe\/en\/wp-json\/wp\/v2\/categories?post=11227"}],"curies":[{"name":"wp","href":"https:\/\/api.w.org\/{rel}","templated":true}]}}