{"id":11234,"date":"2020-06-05T17:37:28","date_gmt":"2020-06-05T22:37:28","guid":{"rendered":"http:\/\/localhost\/wordpress\/?p=10422"},"modified":"2020-06-05T17:37:28","modified_gmt":"2020-06-05T22:37:28","slug":"suspension-perfecta-de-labores-comunicado-mtpe","status":"publish","type":"post","link":"https:\/\/gsalegal.pe\/en\/suspension-perfecta-de-labores-comunicado-mtpe\/","title":{"rendered":"Suspensi\u00f3n Perfecta de Labores: Comunicado MTPE"},"content":{"rendered":"\n<p>Como consecuencia de la promulgaci\u00f3n del Decreto Supremo N\u00ba020-2020-SA, el cual prorroga la Emergencia Sanitaria hasta el 7 de setiembre de 2020, el MTPE ha emitido un Comunicado precisando las implicancias de dicha norma en la Suspensi\u00f3n Perfecta de Labores (SPL).<\/p>\n\n\n\n<p>En ese sentido, el MTPE informa lo siguiente:<\/p>\n\n\n\n<ul class=\"wp-block-list\"><li>La SPL no podr\u00e1 exceder del 7 de octubre de 2020 (Decreto de Urgencia N\u00ba038-2020, art\u00edculo 3\u00ba).<\/li><li>Las nuevas solicitudes de SPL que ingresen en la plataforma virtual del MTPE a partir del 5 de junio de 2020, no podr\u00e1n exceder del 7 de octubre de 2020.<\/li><li>La SPL procede, siempre y cuando no sea posible implementar el trabajo remoto o aplicar la licencia con goce de haber, una vez agotada la posibilidad de adoptar otras medidas alternativas para mantener el v\u00ednculo laboral y las remuneraciones. Asimismo, antes de su adopci\u00f3n debe informarse a la organizaci\u00f3n sindical o a los representantes de los trabajadores, a fin de entablar las negociaciones correspondientes.<\/li><li>Los empleadores deben asegurar el correcto funcionamiento y revisar diariamente el correo electr\u00f3nico se\u00f1alado en la plataforma virtual para efectos de las notificaciones que realice la Autoridad Administrativa de Trabajo. Deben revisar la casilla electr\u00f3nica asignada por SUNAFIL, toda vez que las notificaciones realizadas a dichas direcciones se entender\u00e1n v\u00e1lidamente efectuadas desde el d\u00eda que conste haber sido recibidas.<\/li><\/ul>\n\n\n\n<hr class=\"wp-block-separator\"\/>\n\n\n\n<p class=\"has-text-align-center\">Para mayor informaci\u00f3n sobre el tema tratado contactarse con los abogados de nuestra \u00c1rea Laboral: <\/p>\n\n\n\n<p class=\"has-text-align-center\">Alberto Varillas Cueto, Jaime Durand Planas, Macarena Morales Mailhe, Claudia Seminario G\u00f3mez, Fressia Sanchez Tu\u00f1oque, Sara Kalinicos Garc\u00eda, Jos\u00e9 Andr\u00e9s Piedra Pereira; y Grecia Elena Aldonate Pinto.<\/p>\n\n\n\n<hr class=\"wp-block-separator\"\/>\n\n\n\n<p><em>La informaci\u00f3n contenida en este documento no constituye ni pretende constituir asesor\u00eda o asistencia legal directa o indirecta de ninguna especie, ni establece ning\u00fan tipo de relaci\u00f3n profesional. <\/em><\/p>\n\n\n\n<p><em>Asimismo, tampoco pretende hacer publicidad de los servicios prestados por nuestra firma ni por ninguno de sus abogados. El \u00fanico prop\u00f3sito es dar informaci\u00f3n de car\u00e1cter general respecto de temas que pueden ser de inter\u00e9s para los clientes y amigos de nuestra firma. Este informativo, as\u00ed como otros informes generales y art\u00edculos de inter\u00e9s preparados por los abogados del Estudio podr\u00e1n encontrarse en nuestra p\u00e1gina web: <a href=\"http:\/\/localhost\/wordpress.pe\" target=\"_blank\" rel=\"noopener\">www.garciasayan.com.pe<\/a><\/em><\/p>\n","protected":false},"excerpt":{"rendered":"<p>Como consecuencia de la promulgaci\u00f3n del Decreto Supremo N\u00ba020-2020-SA, el cual prorroga la Emergencia Sanitaria hasta el 7 de setiembre de 2020, el MTPE ha emitido un Comunicado precisando las implicancias de dicha norma en la Suspensi\u00f3n Perfecta de Labores (SPL). En ese sentido, el MTPE informa lo siguiente: La SPL no podr\u00e1 exceder del [&hellip;]<\/p>\n","protected":false},"author":5,"featured_media":11046,"comment_status":"closed","ping_status":"open","sticky":false,"template":"","format":"standard","meta":{"nf_dc_page":"","content-type":"","footnotes":""},"categories":[83,37],"class_list":["post-11234","post","type-post","status-publish","format-standard","has-post-thumbnail","hentry","category-covid-19","category-laboral"],"_links":{"self":[{"href":"https:\/\/gsalegal.pe\/en\/wp-json\/wp\/v2\/posts\/11234","targetHints":{"allow":["GET"]}}],"collection":[{"href":"https:\/\/gsalegal.pe\/en\/wp-json\/wp\/v2\/posts"}],"about":[{"href":"https:\/\/gsalegal.pe\/en\/wp-json\/wp\/v2\/types\/post"}],"author":[{"embeddable":true,"href":"https:\/\/gsalegal.pe\/en\/wp-json\/wp\/v2\/users\/5"}],"replies":[{"embeddable":true,"href":"https:\/\/gsalegal.pe\/en\/wp-json\/wp\/v2\/comments?post=11234"}],"version-history":[{"count":0,"href":"https:\/\/gsalegal.pe\/en\/wp-json\/wp\/v2\/posts\/11234\/revisions"}],"wp:featuredmedia":[{"embeddable":true,"href":"https:\/\/gsalegal.pe\/en\/wp-json\/"}],"wp:attachment":[{"href":"https:\/\/gsalegal.pe\/en\/wp-json\/wp\/v2\/media?parent=11234"}],"wp:term":[{"taxonomy":"category","embeddable":true,"href":"https:\/\/gsalegal.pe\/en\/wp-json\/wp\/v2\/categories?post=11234"}],"curies":[{"name":"wp","href":"https:\/\/api.w.org\/{rel}","templated":true}]}}