{"id":11238,"date":"2020-06-04T16:01:11","date_gmt":"2020-06-04T21:01:11","guid":{"rendered":"http:\/\/localhost\/wordpress\/?p=10402"},"modified":"2020-06-04T16:01:11","modified_gmt":"2020-06-04T21:01:11","slug":"aprueban-la-fase-2-de-la-reanudacion-de-actividades","status":"publish","type":"post","link":"https:\/\/gsalegal.pe\/en\/aprueban-la-fase-2-de-la-reanudacion-de-actividades\/","title":{"rendered":"Aprueban la FASE 2 de la Reanudaci\u00f3n de Actividades"},"content":{"rendered":"\n<p>El Gobierno <strong>aprob\u00f3 hoy la Fase 2 de la reanudaci\u00f3n de actividades econ\u00f3micas<\/strong> en el marco de la declaratoria de Emergencia Sanitaria Nacional. As\u00ed consta en el Decreto Supremo N\u00b0101-2020-PCM de la fecha.<\/p>\n\n\n\n<h2 class=\"wp-block-heading\">&nbsp;<\/h2>\n\n\n\n<p>Este Decreto Supremo entra en vigencia el 5 de junio de 2020 y su contenido es el siguiente:<\/p>\n\n\n\n<p>1.&nbsp;&nbsp;&nbsp;&nbsp;&nbsp;&nbsp; Durante la Fase 2, PRODUCE, previa coordinaci\u00f3n con los gobiernos locales y los sectores interior, defensa y salud, dispondr\u00e1 el inicio de actividades de los conglomerados productivos y\/o comerciales a nivel nacional a puerta cerrada, as\u00ed como el inicio de venta de productos y servicios a trav\u00e9s de comercio electr\u00f3nico, pudiendo entregar dichos productos a domicilio con log\u00edstica propia o a trav\u00e9s de terceros cumpliendo con los protocolos y normas aprobadas por Autoridad Sanitaria Nacional y lo dispuesto en los Decretos Supremos N\u00ba080-2020-PCM, N\u00ba094-2020-PCM. Quedan excluidos de esta disposici\u00f3n los departamentos de Tumbes, Piura, Lambayeque, La Libertad, Loreto, Ucayali, Ica y las provincias de Santa, Huarmey y Casma del departamento de \u00c1ncash.<\/p>\n\n\n\n<p>2.&nbsp;&nbsp;&nbsp;&nbsp;&nbsp;&nbsp; Se modifican los art\u00edculos 3\u00b0 y 5\u00b0 del Decreto Supremo N\u00b0080-2020-PCM<a href=\"#_ftn1\"><strong>[1]<\/strong><\/a>:<\/p>\n\n\n\n<p>a) Excepcionalmente, los sectores competentes aprobar\u00e1n protocolos sectoriales para las actividades incluidas en la reactivaci\u00f3n econ\u00f3mica.<\/p>\n\n\n\n<p>b) <strong>La reanudaci\u00f3n de actividades incluidas en las fases de la Reanudaci\u00f3n de Actividades, se efect\u00faa de manera autom\u00e1tica una vez que las personas jur\u00eddicas hayan registrado su \u201cPlan para la vigilancia, prevenci\u00f3n y control de COVID-19 en el trabajo\u201d<a href=\"#_ftn2\"><strong>[2]<\/strong><\/a> en el Sistema Integrado para COVID-19 (SICOVID-19) del Ministerio de Salud<\/strong>.<\/p>\n\n\n\n<p>c) El \u201cPlan para la vigilancia, prevenci\u00f3n y control de COVID-19 en el trabajo\u201d registrado ser\u00e1 utilizado como base para la posterior fiscalizaci\u00f3n por las autoridades competentes y deber\u00e1 estar a disposici\u00f3n de los trabajadores y clientes al momento de la reanudaci\u00f3n de actividades.<\/p>\n\n\n\n<p><strong>d) La reanudaci\u00f3n de actividades se sujeta \u00fanicamente a los requisitos contemplados en el Decreto Supremo N\u00b0080-2020-PCM quedando prohibido establecer condiciones o requisitos adicionales en normas sectoriales, regionales o locales<\/strong>.<a href=\"#_ftn3\"><strong>[3]<\/strong><\/a><\/p>\n\n\n\n<p>e) Los sectores competentes podr\u00e1n incluir nuevas actividades econ\u00f3micas siempre que no afecten el Estado de Emergencia Nacional, previa opini\u00f3n favorable del Ministerio de Salud, y conforme con las medidas sanitarias requeridas.<\/p>\n\n\n\n<p>3.&nbsp;&nbsp;&nbsp;&nbsp;&nbsp;&nbsp; <strong>Se consideran v\u00e1lidos los registros realizados en el SICOVID y las autorizaciones sectoriales otorgadas antes de la entrada en vigencia del Decreto Supremo N\u00b0101-2020-PCM.<\/strong> Asimismo, los tr\u00e1mites iniciados por los solicitantes de actividades de la Fase 1 de la Reanudaci\u00f3n de Actividades que no hayan obtenido la autorizaci\u00f3n sectorial correspondiente, se rigen por lo dispuesto en dicho Decreto Supremo.<\/p>\n\n\n\n<p>4.&nbsp;&nbsp;&nbsp;&nbsp;&nbsp;&nbsp; Durante la Fase 2, se reactivar\u00e1n las siguientes actividades:<\/p>\n\n\n\n<p>a) Transporte interprovincial de pasajeros.<\/p>\n\n\n\n<p>b) Conglomerados productivos y comerciales.<\/p>\n\n\n\n<p>c) Obras p\u00fablicas y sus respectivos contratos de supervisi\u00f3n<\/p>\n\n\n\n<p>d)&nbsp;Agricultura: T\u00edtulos habilitantes y actos administrativos, estudios de impacto ambiental e instrumentos de gesti\u00f3n ambiental, titulaci\u00f3n de la propiedad agraria y catastro rural e implementaci\u00f3n de planes de negocio.<\/p>\n\n\n\n<p>e)&nbsp;Miner\u00eda: Exploraci\u00f3n del estrato de la gran y mediana miner\u00eda. Explotaci\u00f3n, beneficio, almacenamiento, transporte y cierre de minas en los siguientes casos: mediana miner\u00eda y peque\u00f1a miner\u00eda y sus actividades conexas, y miner\u00eda artesanal formalizadas.<\/p>\n\n\n\n<p>f) Manufactura: Elaboraci\u00f3n de alimentos para animales, bebidas malteadas y de malta, vinos, otras bebidas alcoh\u00f3licas y tabaco, calzado, instrumentos y suministros m\u00e9dicos, y odontol\u00f3gicos, actividades de impresi\u00f3n reparaci\u00f3n y mantenimiento de equipo de transporte y de otros equipos n.c.p.<\/p>\n\n\n\n<p>g) Construcci\u00f3n: Proyectos de inversi\u00f3n p\u00fablica, proyectos de inversi\u00f3n privada, Asociaciones P\u00fablico Privadas, Proyectos en Activos, IOARR y el PIRCC.<\/p>\n\n\n\n<p>h) Comercio: Venta, mantenimiento y reparaci\u00f3n de veh\u00edculos automotores y motocicletas, y Venta, mantenimiento, y reparaci\u00f3n de veh\u00edculos no motorizados, venta de los repuestos y suministros.<\/p>\n\n\n\n<p>i) Servicios: Servicios profesionales, cient\u00edficos y t\u00e9cnicos, hospedaje (apart hotel), servicios de protecci\u00f3n y seguridad, alquiler de veh\u00edculos, alquiler de maquinaria y equipo y de bienes tangibles, servicios de telecomunicaciones, Suministro de agua; alcantarillado, gesti\u00f3n de desechos y saneamiento y servicios de transporte interprovincial privado y&nbsp; los ofrecidos por los Centros de Inspecci\u00f3n T\u00e9cnica Vehicular, las Entidades Certificadoras para emitir Certificados de Conformidad de Veh\u00edculos, los Centros de Revisi\u00f3n Peri\u00f3dica de Cilindros, las Certificadoras y Talleres de Conversi\u00f3n de GNV y las Certificadoras y Talleres de Conversi\u00f3n de GLP, y las entidades certificadoras de conformidad, modificaci\u00f3n, fabricaci\u00f3n y montaje.<\/p>\n\n\n\n<hr class=\"wp-block-separator\"\/>\n\n\n\n<p><a href=\"#_ftnref1\">[1]<\/a> &nbsp;&nbsp;&nbsp;&nbsp;&nbsp;&nbsp;&nbsp;&nbsp;&nbsp; Decreto Supremo que aprueba la reanudaci\u00f3n de actividades econ\u00f3micas en forma gradual y progresiva dentro del marco de la declaratoria de Emergencia Sanitaria Nacional a consecuencia del COVID-19.<\/p>\n\n\n\n<p><a href=\"#_ftnref2\">[2]<\/a> &nbsp;&nbsp;&nbsp;&nbsp;&nbsp;&nbsp;&nbsp;&nbsp;&nbsp; Este plan deber\u00e1 tener en cuenta los \u201cLineamientos para la vigilancia de la Salud de los trabajadores con riesgo de exposici\u00f3n a COVID-19\u201d, aprobados por Resoluci\u00f3n Ministerial N\u00ba 239-2020-MINSA y sus modificaciones, as\u00ed como el Protocolo Sectorial correspondiente, de ser el caso. Aplicable para las entidades, empresas y personas jur\u00eddicas que realicen actividades destinadas a la provisi\u00f3n o suministro de la cadena log\u00edstica (insumos, producci\u00f3n tercerizada, transporte, distribuci\u00f3n y comercializaci\u00f3n) de las actividades comprendidas en las fases de la Reanudaci\u00f3n de Actividades y no podr\u00e1 ser exigido a personas naturales.<\/p>\n\n\n\n<p><a href=\"#_ftnref3\">[3]<\/a> &nbsp;&nbsp;&nbsp;&nbsp;&nbsp;&nbsp;&nbsp;&nbsp;&nbsp; Con excepci\u00f3n del Ministerio de Transportes y Comunicaciones que deber\u00e1 establecer disposiciones complementarias para la reanudaci\u00f3n de proyectos de inversi\u00f3n p\u00fablica de infraestructura vial.<\/p>\n\n\n\n<hr class=\"wp-block-separator\"\/>\n\n\n\n<p class=\"has-text-align-center\">Para mayor informaci\u00f3n sobre el tema tratado contactarse con los abogados del Estudio: <\/p>\n\n\n\n<p class=\"has-text-align-center\">Dr. Luis Gasta\u00f1eta, Dr. Agust\u00edn Yrigoyen, Dra. Shirley C\u00e1rdenas, Dr. Alfonso Tola, Dra. Mar\u00eda Soledad Gasta\u00f1eta y el Dr. Sergio Chang<\/p>\n\n\n\n<hr class=\"wp-block-separator\"\/>\n\n\n\n<p><em>La informaci\u00f3n contenida en este documento no constituye ni pretende constituir asesor\u00eda o asistencia legal directa o indirecta de ninguna especie, ni establece ning\u00fan tipo de relaci\u00f3n profesional.<\/em><\/p>\n\n\n\n<p><em>Asimismo, tampoco pretende hacer publicidad de los servicios prestados por nuestra firma ni por ninguno de sus abogados. El \u00fanico prop\u00f3sito es dar informaci\u00f3n de car\u00e1cter general respecto de temas que pueden ser de inter\u00e9s para los clientes y amigos de nuestra firma. Este informativo, as\u00ed como otros informes generales y art\u00edculos de inter\u00e9s preparados por los abogados del Estudio, podr\u00e1n encontrarse en nuestra p\u00e1gina web: <a href=\"http:\/\/localhost\/wordpress.pe\" target=\"_blank\" rel=\"noreferrer noopener\">www.garciasayan.com.pe<\/a><\/em><\/p>\n","protected":false},"excerpt":{"rendered":"<p>El Gobierno aprob\u00f3 hoy la Fase 2 de la reanudaci\u00f3n de actividades econ\u00f3micas en el marco de la declaratoria de Emergencia Sanitaria Nacional. As\u00ed consta en el Decreto Supremo N\u00b0101-2020-PCM de la fecha. &nbsp; Este Decreto Supremo entra en vigencia el 5 de junio de 2020 y su contenido es el siguiente: 1.&nbsp;&nbsp;&nbsp;&nbsp;&nbsp;&nbsp; Durante la [&hellip;]<\/p>\n","protected":false},"author":5,"featured_media":11239,"comment_status":"closed","ping_status":"open","sticky":false,"template":"","format":"standard","meta":{"nf_dc_page":"","content-type":"","footnotes":""},"categories":[76,83],"class_list":["post-11238","post","type-post","status-publish","format-standard","has-post-thumbnail","hentry","category-corporativo","category-covid-19"],"_links":{"self":[{"href":"https:\/\/gsalegal.pe\/en\/wp-json\/wp\/v2\/posts\/11238","targetHints":{"allow":["GET"]}}],"collection":[{"href":"https:\/\/gsalegal.pe\/en\/wp-json\/wp\/v2\/posts"}],"about":[{"href":"https:\/\/gsalegal.pe\/en\/wp-json\/wp\/v2\/types\/post"}],"author":[{"embeddable":true,"href":"https:\/\/gsalegal.pe\/en\/wp-json\/wp\/v2\/users\/5"}],"replies":[{"embeddable":true,"href":"https:\/\/gsalegal.pe\/en\/wp-json\/wp\/v2\/comments?post=11238"}],"version-history":[{"count":0,"href":"https:\/\/gsalegal.pe\/en\/wp-json\/wp\/v2\/posts\/11238\/revisions"}],"wp:featuredmedia":[{"embeddable":true,"href":"https:\/\/gsalegal.pe\/en\/wp-json\/"}],"wp:attachment":[{"href":"https:\/\/gsalegal.pe\/en\/wp-json\/wp\/v2\/media?parent=11238"}],"wp:term":[{"taxonomy":"category","embeddable":true,"href":"https:\/\/gsalegal.pe\/en\/wp-json\/wp\/v2\/categories?post=11238"}],"curies":[{"name":"wp","href":"https:\/\/api.w.org\/{rel}","templated":true}]}}