{"id":11242,"date":"2020-06-04T12:54:45","date_gmt":"2020-06-04T17:54:45","guid":{"rendered":"http:\/\/localhost\/wordpress\/?p=10397"},"modified":"2020-06-04T12:54:45","modified_gmt":"2020-06-04T17:54:45","slug":"sector-textil-y-confecciones-y-servicios-prestados-a-empresas-actualizacion-de-los-criterios-de-focalizacion-territorial","status":"publish","type":"post","link":"https:\/\/gsalegal.pe\/en\/sector-textil-y-confecciones-y-servicios-prestados-a-empresas-actualizacion-de-los-criterios-de-focalizacion-territorial\/","title":{"rendered":"Sector Textil y Confecciones y Servicios prestados a empresas: Actualizaci\u00f3n de los criterios de focalizaci\u00f3n territorial"},"content":{"rendered":"\n<p>En la fecha, mediante Resoluci\u00f3n Directoral N\u00ba00012-2020-PRODUCE\/DGDE, PRODUCE estableci\u00f3 disposiciones complementarias referidas a los criterios de focalizaci\u00f3n territorial para los Sectores Textil y Confecciones y para los Servicios Prestados a Empresas.<\/p>\n\n\n\n<p>En ese sentido, se dipuso lo siguiente:<\/p>\n\n\n\n<h4 class=\"wp-block-heading\">1. <strong><u>Sector Textil y Confecciones<\/u><\/strong><\/h4>\n\n\n\n<figure class=\"wp-block-table\"><table><thead><tr><th class=\"has-text-align-left\" data-align=\"left\"><strong>Texto anterior (<em>R.M N\u00ba 138-2020- PRODUCE)<\/em><\/strong><\/th><th class=\"has-text-align-left\" data-align=\"left\"><strong>Texto vigente<\/strong><\/th><\/tr><\/thead><tbody><tr><td class=\"has-text-align-left\" data-align=\"left\">Criterios anteriores:\u00a0 <br>&#8211; Tener la condici\u00f3n de empresa formal (inscrita en la SUNARP y contar con licencia de funcionamiento) y contar con RUC activo y habido. <br>&#8211; Facturar ventas anuales mayores a (cincuenta) 50 UIT en 2019.<br>&#8211; Contar con m\u00e1s de 3 trabajadores en planilla.<br>&#8211; Vender o abastecer a mercados locales principales y\/o tener condici\u00f3n de empresa exportadora.<br>&#8211; Las empresas autorizadas reanudaran sus actividades de producci\u00f3n comercializaci\u00f3n a puerta cerrada.<\/td><td class=\"has-text-align-left\" data-align=\"left\">Nuevos criterios: <br><strong><u>Persona natural con negocio<\/u><\/strong>: <br>&#8211; Contar con licencia de funcionamiento y RUC activo y habido. <br>&#8211; Para reiniciar actividades, \u00fanicamente deber\u00e1n elaborar el \u201cPlan para la vigilancia, prevenci\u00f3n y control de COVID 19 en el trabajo\u201d y registrarlo en el Sistema Integrado para COVID-19 (SICOVID-19) del MINSA. <br><strong><u>Persona jur\u00eddica<\/u><\/strong>: <br>&#8211; Inscripci\u00f3n en SUNARP, licencia de funcionamiento y RUC activo y habido.<br>&#8211; Realizar actividades de producci\u00f3n a puerta cerrada y comercializaci\u00f3n a trav\u00e9s de canales digitales.<\/td><\/tr><\/tbody><\/table><\/figure>\n\n\n\n<h4 class=\"wp-block-heading\">2. <strong><u>Servicios prestados a empresas (soporte y servicios profesionales de tecnolog\u00eda de la informaci\u00f3n)<\/u><\/strong><\/h4>\n\n\n\n<figure class=\"wp-block-table\"><table><thead><tr><th><strong>Texto anterior (<em>R.M N\u00ba 161-2020-PRODUCE)<\/em><\/strong><\/th><th><strong>Texto vigente<\/strong><\/th><\/tr><\/thead><tbody><tr><td>Criterios anteriores:<br>&#8211;  Tener la condici\u00f3n de empresa formal inscrita en la Sunarp y contar con licencia de funcionamiento.\u00a0<br>&#8211; Contar con RUC activo y habido\u00a0<br>&#8211; Contar con m\u00e1s de cinco (5) trabajadores en planilla.\u00a0 \u00a0<\/td><td>Nuevos criterios:\u00a0 <br><strong><u>Persona natural con negocio<\/u><\/strong>: <br>&#8211; Licencia de funcionamiento y RUC activo y habido.<br>&#8211; Para reiniciar actividades, \u00fanicamente deber\u00e1n elaborar el \u201cPlan para la vigilancia, prevenci\u00f3n y control de COVID 19 en el trabajo\u201d, y luego registrarlo en el Sistema Integrado para COVID-19 (SICOVID-19) del MINSA. <br><strong><u>Persona jur\u00eddica<\/u><\/strong>: <br>&#8211; Inscripci\u00f3n en SUNARP, licencia de funcionamiento y RUC activo y habido.<\/td><\/tr><\/tbody><\/table><\/figure>\n\n\n\n<hr class=\"wp-block-separator\"\/>\n\n\n\n<p class=\"has-text-align-center\">Para mayor informaci\u00f3n sobre el tema tratado contactarse con los abogados de nuestra \u00c1rea Laboral: <\/p>\n\n\n\n<p class=\"has-text-align-center\">Alberto Varillas Cueto, Jaime Durand Planas, Macarena Morales Mailhe, Claudia Seminario G\u00f3mez, Fressia Sanchez Tu\u00f1oque, Sara Kalinicos Garc\u00eda, Jos\u00e9 Andr\u00e9s Piedra Pereira; y Grecia Elena Aldonate Pinto.<\/p>\n\n\n\n<hr class=\"wp-block-separator\"\/>\n\n\n\n<p><em>La informaci\u00f3n contenida en este documento no constituye ni pretende constituir asesor\u00eda o asistencia legal directa o indirecta de ninguna especie, ni establece ning\u00fan tipo de relaci\u00f3n profesional. <\/em><\/p>\n\n\n\n<p><em>Asimismo, tampoco pretende hacer publicidad de los servicios prestados por nuestra firma ni por ninguno de sus abogados. El \u00fanico prop\u00f3sito es dar informaci\u00f3n de car\u00e1cter general respecto de temas que pueden ser de inter\u00e9s para los clientes y amigos de nuestra firma. Este informativo, as\u00ed como otros informes generales y art\u00edculos de inter\u00e9s preparados por los abogados del Estudio podr\u00e1n encontrarse en nuestra p\u00e1gina web: <a href=\"http:\/\/localhost\/wordpress.pe\" target=\"_blank\" rel=\"noopener\">www.garciasayan.com.pe<\/a><\/em><\/p>\n","protected":false},"excerpt":{"rendered":"<p>En la fecha, mediante Resoluci\u00f3n Directoral N\u00ba00012-2020-PRODUCE\/DGDE, PRODUCE estableci\u00f3 disposiciones complementarias referidas a los criterios de focalizaci\u00f3n territorial para los Sectores Textil y Confecciones y para los Servicios Prestados a Empresas. En ese sentido, se dipuso lo siguiente: 1. Sector Textil y Confecciones Texto anterior (R.M N\u00ba 138-2020- PRODUCE) Texto vigente Criterios anteriores:\u00a0 &#8211; Tener [&hellip;]<\/p>\n","protected":false},"author":5,"featured_media":11169,"comment_status":"closed","ping_status":"open","sticky":false,"template":"","format":"standard","meta":{"nf_dc_page":"","content-type":"","footnotes":""},"categories":[83,37],"class_list":["post-11242","post","type-post","status-publish","format-standard","has-post-thumbnail","hentry","category-covid-19","category-laboral"],"_links":{"self":[{"href":"https:\/\/gsalegal.pe\/en\/wp-json\/wp\/v2\/posts\/11242","targetHints":{"allow":["GET"]}}],"collection":[{"href":"https:\/\/gsalegal.pe\/en\/wp-json\/wp\/v2\/posts"}],"about":[{"href":"https:\/\/gsalegal.pe\/en\/wp-json\/wp\/v2\/types\/post"}],"author":[{"embeddable":true,"href":"https:\/\/gsalegal.pe\/en\/wp-json\/wp\/v2\/users\/5"}],"replies":[{"embeddable":true,"href":"https:\/\/gsalegal.pe\/en\/wp-json\/wp\/v2\/comments?post=11242"}],"version-history":[{"count":0,"href":"https:\/\/gsalegal.pe\/en\/wp-json\/wp\/v2\/posts\/11242\/revisions"}],"wp:featuredmedia":[{"embeddable":true,"href":"https:\/\/gsalegal.pe\/en\/wp-json\/"}],"wp:attachment":[{"href":"https:\/\/gsalegal.pe\/en\/wp-json\/wp\/v2\/media?parent=11242"}],"wp:term":[{"taxonomy":"category","embeddable":true,"href":"https:\/\/gsalegal.pe\/en\/wp-json\/wp\/v2\/categories?post=11242"}],"curies":[{"name":"wp","href":"https:\/\/api.w.org\/{rel}","templated":true}]}}