{"id":11263,"date":"2020-05-29T15:23:38","date_gmt":"2020-05-29T20:23:38","guid":{"rendered":"http:\/\/localhost\/wordpress\/?p=10359"},"modified":"2020-05-29T15:23:38","modified_gmt":"2020-05-29T20:23:38","slug":"sunafil-suspension-de-plazos","status":"publish","type":"post","link":"https:\/\/gsalegal.pe\/en\/sunafil-suspension-de-plazos\/","title":{"rendered":"SUNAFIL: Suspensi\u00f3n de plazos"},"content":{"rendered":"\n<p>El 29 de mayo de 2020, se public\u00f3 la Resoluci\u00f3n de Superintendencia N\u00ba83-2020-SUNAFIL, la cual dispone la pr\u00f3rroga de la suspensi\u00f3n de distintos plazos administrativos de SUNAFIL.<\/p>\n\n\n\n<figure class=\"wp-block-table\"><table><tbody><tr><td class=\"has-text-align-center\" data-align=\"center\"><strong>Plazos del Sistema de Inspecci\u00f3n de Trabajo<\/strong><\/td><td>Pr\u00f3rroga de la suspensi\u00f3n del c\u00f3mputo de los plazos hasta el 10 de junio de 2020 de: <br>&#8211; Actuaciones inspectivas <br>&#8211; Procedimientos administrativos sancionadores del Sistema de Inspecci\u00f3n del Trabajo. <br>Pr\u00f3rroga de la suspensi\u00f3n del c\u00f3mputo de los plazos hasta el 10 de junio de 2020 de: <br>&#8211; Procedimientos administrativos sujetos a silencio negativo o positivo del Sistema de Inspecci\u00f3n del Trabajo.<\/td><\/tr><tr><td class=\"has-text-align-center\" data-align=\"center\"><strong>Plazos de procedimientos administrativos en la SUNAFIL<\/strong><strong><\/strong><\/td><td>Pr\u00f3rroga de la suspensi\u00f3n del c\u00f3mputo de los plazos hasta el 10 de junio de 2020 de: <br>&#8211;\u00a0 C\u00f3mputo de plazos de inicio y de tramitaci\u00f3n de los procedimientos administrativos y procedimientos de cualquier \u00edndole que se encuentren sujetos a plazo, incluyendo a los procedimientos de acceso a la informaci\u00f3n p\u00fablica, fraccionamiento del pago de multas y ejecuci\u00f3n coactiva.<\/td><\/tr><\/tbody><\/table><\/figure>\n\n\n\n<hr class=\"wp-block-separator\"\/>\n\n\n\n<p class=\"has-text-align-center\">Para mayor informaci\u00f3n sobre el tema tratado contactarse con los abogados de nuestra \u00c1rea Laboral:<\/p>\n\n\n\n<p class=\"has-text-align-center\"> Alberto Varillas Cueto, Jaime Durand Planas, Macarena Morales Mailhe, Claudia Seminario G\u00f3mez, Fressia Sanchez Tu\u00f1oque, Sara Kalinicos Garc\u00eda, Jos\u00e9 Andr\u00e9s Piedra Pereira; y Grecia Elena Aldonate Pinto.<\/p>\n\n\n\n<hr class=\"wp-block-separator\"\/>\n\n\n\n<p><em>La informaci\u00f3n contenida en este documento no constituye ni pretende constituir asesor\u00eda o asistencia legal directa o indirecta de ninguna especie, ni establece ning\u00fan tipo de relaci\u00f3n profesional. <\/em><\/p>\n\n\n\n<p><em>Asimismo, tampoco pretende hacer publicidad de los servicios prestados por nuestra firma ni por ninguno de sus abogados. El \u00fanico prop\u00f3sito es dar informaci\u00f3n de car\u00e1cter general respecto de temas que pueden ser de inter\u00e9s para los clientes y amigos de nuestra firma. Este informativo, as\u00ed como otros informes generales y art\u00edculos de inter\u00e9s preparados por los abogados del Estudio podr\u00e1n encontrarse en nuestra p\u00e1gina web: <a href=\"http:\/\/localhost\/wordpress.pe\" target=\"_blank\" rel=\"noreferrer noopener\">www.garciasayan.com.pe<\/a><\/em><\/p>\n","protected":false},"excerpt":{"rendered":"<p>El 29 de mayo de 2020, se public\u00f3 la Resoluci\u00f3n de Superintendencia N\u00ba83-2020-SUNAFIL, la cual dispone la pr\u00f3rroga de la suspensi\u00f3n de distintos plazos administrativos de SUNAFIL. Plazos del Sistema de Inspecci\u00f3n de Trabajo Pr\u00f3rroga de la suspensi\u00f3n del c\u00f3mputo de los plazos hasta el 10 de junio de 2020 de: &#8211; Actuaciones inspectivas &#8211; [&hellip;]<\/p>\n","protected":false},"author":5,"featured_media":11088,"comment_status":"closed","ping_status":"open","sticky":false,"template":"","format":"standard","meta":{"nf_dc_page":"","content-type":"","footnotes":""},"categories":[83,37],"class_list":["post-11263","post","type-post","status-publish","format-standard","has-post-thumbnail","hentry","category-covid-19","category-laboral"],"_links":{"self":[{"href":"https:\/\/gsalegal.pe\/en\/wp-json\/wp\/v2\/posts\/11263","targetHints":{"allow":["GET"]}}],"collection":[{"href":"https:\/\/gsalegal.pe\/en\/wp-json\/wp\/v2\/posts"}],"about":[{"href":"https:\/\/gsalegal.pe\/en\/wp-json\/wp\/v2\/types\/post"}],"author":[{"embeddable":true,"href":"https:\/\/gsalegal.pe\/en\/wp-json\/wp\/v2\/users\/5"}],"replies":[{"embeddable":true,"href":"https:\/\/gsalegal.pe\/en\/wp-json\/wp\/v2\/comments?post=11263"}],"version-history":[{"count":0,"href":"https:\/\/gsalegal.pe\/en\/wp-json\/wp\/v2\/posts\/11263\/revisions"}],"wp:featuredmedia":[{"embeddable":true,"href":"https:\/\/gsalegal.pe\/en\/wp-json\/"}],"wp:attachment":[{"href":"https:\/\/gsalegal.pe\/en\/wp-json\/wp\/v2\/media?parent=11263"}],"wp:term":[{"taxonomy":"category","embeddable":true,"href":"https:\/\/gsalegal.pe\/en\/wp-json\/wp\/v2\/categories?post=11263"}],"curies":[{"name":"wp","href":"https:\/\/api.w.org\/{rel}","templated":true}]}}