{"id":11264,"date":"2020-05-29T13:02:56","date_gmt":"2020-05-29T18:02:56","guid":{"rendered":"http:\/\/localhost\/wordpress\/?p=10357"},"modified":"2020-05-29T13:02:56","modified_gmt":"2020-05-29T18:02:56","slug":"migraciones-creacion-de-plataforma-virtual-para-el-reinicio-de-procedimientos-migratorios","status":"publish","type":"post","link":"https:\/\/gsalegal.pe\/en\/migraciones-creacion-de-plataforma-virtual-para-el-reinicio-de-procedimientos-migratorios\/","title":{"rendered":"Migraciones: Creaci\u00f3n de Plataforma Virtual para el reinicio de procedimientos migratorios"},"content":{"rendered":"\n<p>En la fecha, mediante Resoluci\u00f3n de Superintendencia N\u00ba000131-2020-MIGRACIONES, se dispuso lo siguiente:<\/p>\n\n\n\n<ol class=\"wp-block-list\" type=\"1\"><li><strong><u>Creaci\u00f3n de la Plataforma \u201cAgencia Virtual de Migraciones<\/u>\u201d<\/strong> estableci\u00e9ndose un plazo de hasta cinco (5) d\u00edas para su implementaci\u00f3n contados desde la emisi\u00f3n de esta Resoluci\u00f3n. La plataforma estar\u00e1 ubicada en <a href=\"http:\/\/www.migraciones.gob.pe\" target=\"_blank\" rel=\"noopener\">www.migraciones.gob.pe<\/a>.<\/li><li><strong><u>Creaci\u00f3n de la \u201cMesa de Partes Virtuales de Migraciones<\/u>\u201d<\/strong>, la cual funcionar\u00e1 a trav\u00e9s de la plataforma Agencia Virtual de Migraciones.<\/li><li>La suspensi\u00f3n de los procedimientos se levantar\u00e1 el mismo d\u00eda que se inicie las actividades en la plataforma virtual.<\/li><li>Los procedimientos que podr\u00e1n realizarce a trav\u00e9s de la plataforma virtual son:<ol><li>Cambio de calidad migratoria<\/li><li>Pr\u00f3rroga de residencia<\/li><li>Permiso especial de viaje<\/li><li>Permiso para firmar contratos<\/li><li>Permiso para trabajar (estudiantes y religiosos)<\/li><li>Pago y exoneraci\u00f3n de la tasa anual de extranjer\u00eda; y,<\/li><li>Recursos administrativos.<\/li><\/ol><\/li><li>Los procedimientos iniciados de manera presencial y que se encuentren pendientes de atenci\u00f3n, ser\u00e1n tramitados de manera virtual, para lo cual se podr\u00e1 notificar a trav\u00e9s del buz\u00f3n electr\u00f3nico creado para tal fin y\/o a trav\u00e9s de la cuenta de correo electr\u00f3nico consignado por los administrados.<\/li><li>La presentaci\u00f3n de requisitos de los procedimientos administrativos y servicios se\u00f1alados y la subsanaci\u00f3n de los mismos, se realizar\u00e1 a trav\u00e9s de la Plataforma Virtual, as\u00ed como.<\/li><li>Ante situaciones excepcionales vinculadas a las medidas establecidas por el Estado derivadas por el COVID-19, se tramitar\u00e1 el procedimiento de solicitud de Visa, as\u00ed como los servicios est\u00e9n vinculados al mismo o al tr\u00e1nsito internacional.<\/li><\/ol>\n\n\n\n<hr class=\"wp-block-separator\"\/>\n\n\n\n<p class=\"has-text-align-center\">Para mayor informaci\u00f3n sobre el tema tratado contactarse con los abogados de nuestra \u00c1rea Laboral: <\/p>\n\n\n\n<p class=\"has-text-align-center\">Alberto Varillas Cueto, Jaime Durand Planas, Macarena Morales Mailhe, Claudia Seminario G\u00f3mez, Fressia Sanchez Tu\u00f1oque, Sara Kalinicos Garc\u00eda, Jos\u00e9 Andr\u00e9s Piedra Pereira; y Grecia Elena Aldonate Pinto.<\/p>\n\n\n\n<hr class=\"wp-block-separator\"\/>\n\n\n\n<p><em>La informaci\u00f3n contenida en este documento no constituye ni pretende constituir asesor\u00eda o asistencia legal directa o indirecta de ninguna especie, ni establece ning\u00fan tipo de relaci\u00f3n profesional. <\/em><\/p>\n\n\n\n<p><em>Asimismo, tampoco pretende hacer publicidad de los servicios prestados por nuestra firma ni por ninguno de sus abogados. El \u00fanico prop\u00f3sito es dar informaci\u00f3n de car\u00e1cter general respecto de temas que pueden ser de inter\u00e9s para los clientes y amigos de nuestra firma. Este informativo, as\u00ed como otros informes generales y art\u00edculos de inter\u00e9s preparados por los abogados del Estudio podr\u00e1n encontrarse en nuestra p\u00e1gina web: <a href=\"http:\/\/localhost\/wordpress.pe\" target=\"_blank\" rel=\"noopener\">www.garciasayan.com.pe<\/a><\/em><\/p>\n","protected":false},"excerpt":{"rendered":"<p>En la fecha, mediante Resoluci\u00f3n de Superintendencia N\u00ba000131-2020-MIGRACIONES, se dispuso lo siguiente: Creaci\u00f3n de la Plataforma \u201cAgencia Virtual de Migraciones\u201d estableci\u00e9ndose un plazo de hasta cinco (5) d\u00edas para su implementaci\u00f3n contados desde la emisi\u00f3n de esta Resoluci\u00f3n. La plataforma estar\u00e1 ubicada en www.migraciones.gob.pe. Creaci\u00f3n de la \u201cMesa de Partes Virtuales de Migraciones\u201d, la cual [&hellip;]<\/p>\n","protected":false},"author":5,"featured_media":11058,"comment_status":"closed","ping_status":"open","sticky":false,"template":"","format":"standard","meta":{"nf_dc_page":"","content-type":"","footnotes":""},"categories":[83,37],"class_list":["post-11264","post","type-post","status-publish","format-standard","has-post-thumbnail","hentry","category-covid-19","category-laboral"],"_links":{"self":[{"href":"https:\/\/gsalegal.pe\/en\/wp-json\/wp\/v2\/posts\/11264","targetHints":{"allow":["GET"]}}],"collection":[{"href":"https:\/\/gsalegal.pe\/en\/wp-json\/wp\/v2\/posts"}],"about":[{"href":"https:\/\/gsalegal.pe\/en\/wp-json\/wp\/v2\/types\/post"}],"author":[{"embeddable":true,"href":"https:\/\/gsalegal.pe\/en\/wp-json\/wp\/v2\/users\/5"}],"replies":[{"embeddable":true,"href":"https:\/\/gsalegal.pe\/en\/wp-json\/wp\/v2\/comments?post=11264"}],"version-history":[{"count":0,"href":"https:\/\/gsalegal.pe\/en\/wp-json\/wp\/v2\/posts\/11264\/revisions"}],"wp:featuredmedia":[{"embeddable":true,"href":"https:\/\/gsalegal.pe\/en\/wp-json\/"}],"wp:attachment":[{"href":"https:\/\/gsalegal.pe\/en\/wp-json\/wp\/v2\/media?parent=11264"}],"wp:term":[{"taxonomy":"category","embeddable":true,"href":"https:\/\/gsalegal.pe\/en\/wp-json\/wp\/v2\/categories?post=11264"}],"curies":[{"name":"wp","href":"https:\/\/api.w.org\/{rel}","templated":true}]}}