{"id":11270,"date":"2020-05-28T16:33:03","date_gmt":"2020-05-28T21:33:03","guid":{"rendered":"http:\/\/localhost\/wordpress\/?p=10347"},"modified":"2020-05-28T16:33:03","modified_gmt":"2020-05-28T21:33:03","slug":"smv-establece-nuevos-plazos-de-presentacion-de-informacion-e-iniciara-el-tramite-de-procedimientos-administrativos-a-traves-de-canales-virtuales-de-atencion","status":"publish","type":"post","link":"https:\/\/gsalegal.pe\/en\/smv-establece-nuevos-plazos-de-presentacion-de-informacion-e-iniciara-el-tramite-de-procedimientos-administrativos-a-traves-de-canales-virtuales-de-atencion\/","title":{"rendered":"SMV establece nuevos plazos de presentaci\u00f3n de informaci\u00f3n e iniciar\u00e1 el tr\u00e1mite de procedimientos administrativos a trav\u00e9s de canales virtuales de atenci\u00f3n"},"content":{"rendered":"\n<p>Mediante Resoluci\u00f3n N\u00b0046-2020-SMV\/02 publicada el d\u00eda de hoy, la Superintendencia de Mercado de Valores (SMV) estableci\u00f3 nuevos plazos de presentaci\u00f3n de informaci\u00f3n de las distintas entidades supervisadas por la SMV, modificando la Resoluci\u00f3n de Superintendente N\u00b0033-2020-SMV\/02. Los plazos establecidos son los siguientes:<\/p>\n\n\n\n<figure class=\"wp-block-table\"><table><thead><tr><th><strong>Informaci\u00f3n<\/strong><\/th><th><strong>Fecha l\u00edmite<\/strong><\/th><\/tr><\/thead><tbody><tr><td>Informaci\u00f3n financiera y memoria anual 2019<\/td><td>31\/07\/2020<\/td><\/tr><tr><td>Estados financieros consolidados auditados anuales de la matriz de la entidad supervisada correspondiente al ejercicio 2019<\/td><td>31\/08\/2020<\/td><\/tr><tr><td>Informaci\u00f3n financiera consolidada anual de las matrices \u00faltimas de las entidades supervisadas correspondiente al ejercicio 2019<\/td><td>30\/09\/2020<\/td><\/tr><tr><td>Informaci\u00f3n financiera intermedia individual o separada, al 31 de marzo de 2020<\/td><td>31\/08\/2020<\/td><\/tr><tr><td>Informaci\u00f3n financiera intermedia individual o separada al 30 de junio de 2020<\/td><td>30\/09\/2020<\/td><\/tr><tr><td>Estados financieros consolidados de la matriz de los sujetos obligados, correspondientes al 31 de marzo de 2020<\/td><td>15\/09\/2020<\/td><\/tr><tr><td>Estados financieros consolidados de la matriz de los sujetos supervisados, correspondientes al 30 de junio de 2020.<\/td><td>15\/10\/2020<\/td><\/tr><tr><td>Informes de actualizaci\u00f3n de las clasificaciones de riesgo otorgadas por las empresas clasificadoras de riesgo, que se elaboran utilizando la informaci\u00f3n financiera anual auditada del ejercicio 2019.<\/td><td>30\/09\/2020<\/td><\/tr><tr><td>Informaci\u00f3n requerida por el Reglamento de Propiedad Indirecta, Vinculaci\u00f3n y Grupos Econ\u00f3micos<\/td><td>31\/10\/2020<\/td><\/tr><\/tbody><\/table><\/figure>\n\n\n\n<p>Adicionalmente, se prorroga hasta el 31 de julio de 2020, el plazo l\u00edmite para que las empresas obligadas a presentar informaci\u00f3n financiera auditada comuniquen, como hecho de importancia, la designaci\u00f3n de sus auditores independientes y se deroga el art\u00edculo 7<a href=\"#_ftn1\">[1]<\/a> de la Resoluci\u00f3n de Superintendente N\u00b0033-2020-SMV\/02 referido a la suspensi\u00f3n de los plazos de procedimientos ante la SMV.<\/p>\n\n\n\n<p>Asimismo, la norma dispone que la SMV tramitar\u00e1 y\/o brindar\u00e1 todos los procedimientos administrativos y servicios bajo su competencia que se hayan iniciado antes y durante la vigencia del estado de emergencia sanitaria a trav\u00e9s de sus distintos canales virtuales de atenci\u00f3n como MVNet y el Portal del Mercado de Valores. As\u00ed tambi\u00e9n, atender\u00e1n los servicios de tramite documentario y acceso a los expedientes administrativos sancionadores en tr\u00e1mite; sin embargo, no se atender\u00e1n los dem\u00e1s servicios o procedimientos que requieran su atenci\u00f3n de manera f\u00edsica y\/o requieran el traslado del personal de la SMV fuera del lugar donde cumplen habitualmente sus labores.<\/p>\n\n\n\n<p>En el caso de los procedimientos de autorizaci\u00f3n de funcionamiento, continuar\u00e1n tramit\u00e1ndose hasta su conclusi\u00f3n siempre que se hubiere realizado la correspondiente visita de inspecci\u00f3n de manera previa al estado de emergencia.<\/p>\n\n\n\n<p>Los protocolos de atenci\u00f3n que detallen las recomendaciones y pautas sanitarias implementadas por la Oficina General de Administraci\u00f3n para la atenci\u00f3n de la ciudadan\u00eda en las instalaciones de la SMV ser\u00e1n comunicados a trav\u00e9s del Portal SMV. &nbsp;<\/p>\n\n\n\n<hr class=\"wp-block-separator\"\/>\n\n\n\n<p><a href=\"#_ftnref1\">[1]<\/a> Art\u00edculo 7.- Suspensi\u00f3n de plazos de procedimientos<\/p>\n\n\n\n<p>Declarar que por mandato del Decreto de Urgencia N\u00b0 029-2020 quedan suspendidos por treinta (30) d\u00edas h\u00e1biles, contados a partir del 21 de marzo de 2020, el c\u00f3mputo de los plazos de inicio y de tramitaci\u00f3n de los procedimientos administrativos en la SMV incluyendo los regulados por leyes y disposiciones especiales, que se encuentren sujetos a plazo; incluyendo los que encuentran en tr\u00e1mite a la entrada en vigencia del referido Decreto de Urgencia.<\/p>\n\n\n\n<hr class=\"wp-block-separator\"\/>\n\n\n\n<p class=\"has-text-align-center\">Para mayor informaci\u00f3n sobre el tema tratado contactarse con los abogados del Estudio: <\/p>\n\n\n\n<p class=\"has-text-align-center\">Dr. Luis Gasta\u00f1eta, Dra. Shirley C\u00e1rdenas, Dr. Alfonso Tola, Dra. Mar\u00eda Soledad Gasta\u00f1eta y el Dr. Sergio Chang.<\/p>\n\n\n\n<hr class=\"wp-block-separator\"\/>\n\n\n\n<p><em>La informaci\u00f3n contenida en este documento no constituye ni pretende constituir asesor\u00eda o asistencia legal directa o indirecta de ninguna especie, ni establece ning\u00fan tipo de relaci\u00f3n profesional.<\/em><\/p>\n\n\n\n<p><em>Asimismo, tampoco pretende hacer publicidad de los servicios prestados por nuestra firma ni por ninguno de sus abogados. El \u00fanico prop\u00f3sito es dar informaci\u00f3n de car\u00e1cter general respecto de temas que pueden ser de inter\u00e9s para los clientes y amigos de nuestra firma. Este informativo, as\u00ed como otros informes generales y art\u00edculos de inter\u00e9s preparados por los abogados del Estudio, podr\u00e1n encontrarse en nuestra p\u00e1gina web: <a href=\"http:\/\/localhost\/wordpress.pe\" target=\"_blank\" rel=\"noreferrer noopener\">www.garciasayan.com.pe<\/a><\/em><\/p>\n","protected":false},"excerpt":{"rendered":"<p>Mediante Resoluci\u00f3n N\u00b0046-2020-SMV\/02 publicada el d\u00eda de hoy, la Superintendencia de Mercado de Valores (SMV) estableci\u00f3 nuevos plazos de presentaci\u00f3n de informaci\u00f3n de las distintas entidades supervisadas por la SMV, modificando la Resoluci\u00f3n de Superintendente N\u00b0033-2020-SMV\/02. Los plazos establecidos son los siguientes: Informaci\u00f3n Fecha l\u00edmite Informaci\u00f3n financiera y memoria anual 2019 31\/07\/2020 Estados financieros consolidados [&hellip;]<\/p>\n","protected":false},"author":5,"featured_media":9635,"comment_status":"closed","ping_status":"open","sticky":false,"template":"","format":"standard","meta":{"nf_dc_page":"","content-type":"","footnotes":""},"categories":[76,83],"class_list":["post-11270","post","type-post","status-publish","format-standard","has-post-thumbnail","hentry","category-corporativo","category-covid-19"],"_links":{"self":[{"href":"https:\/\/gsalegal.pe\/en\/wp-json\/wp\/v2\/posts\/11270","targetHints":{"allow":["GET"]}}],"collection":[{"href":"https:\/\/gsalegal.pe\/en\/wp-json\/wp\/v2\/posts"}],"about":[{"href":"https:\/\/gsalegal.pe\/en\/wp-json\/wp\/v2\/types\/post"}],"author":[{"embeddable":true,"href":"https:\/\/gsalegal.pe\/en\/wp-json\/wp\/v2\/users\/5"}],"replies":[{"embeddable":true,"href":"https:\/\/gsalegal.pe\/en\/wp-json\/wp\/v2\/comments?post=11270"}],"version-history":[{"count":0,"href":"https:\/\/gsalegal.pe\/en\/wp-json\/wp\/v2\/posts\/11270\/revisions"}],"wp:featuredmedia":[{"embeddable":true,"href":"https:\/\/gsalegal.pe\/en\/wp-json\/"}],"wp:attachment":[{"href":"https:\/\/gsalegal.pe\/en\/wp-json\/wp\/v2\/media?parent=11270"}],"wp:term":[{"taxonomy":"category","embeddable":true,"href":"https:\/\/gsalegal.pe\/en\/wp-json\/wp\/v2\/categories?post=11270"}],"curies":[{"name":"wp","href":"https:\/\/api.w.org\/{rel}","templated":true}]}}