{"id":11271,"date":"2020-05-28T16:28:18","date_gmt":"2020-05-28T21:28:18","guid":{"rendered":"http:\/\/localhost\/wordpress\/?p=10345"},"modified":"2020-05-28T16:28:18","modified_gmt":"2020-05-28T21:28:18","slug":"amplian-monto-maximo-de-los-creditos-por-empresa-y-modifican-criterio-de-acceso-al-programa-reactiva-peru","status":"publish","type":"post","link":"https:\/\/gsalegal.pe\/en\/amplian-monto-maximo-de-los-creditos-por-empresa-y-modifican-criterio-de-acceso-al-programa-reactiva-peru\/","title":{"rendered":"Ampl\u00edan monto m\u00e1ximo de los cr\u00e9ditos por empresa y modifican criterio de acceso al Programa Reactiva Per\u00fa"},"content":{"rendered":"\n<p>Mediante Decreto Supremo N\u00b0124-2020-EF publicado el d\u00eda de hoy, el Gobierno ampli\u00f3 el monto total de los cr\u00e9ditos garantizados por el programa \u201cReactiva Per\u00fa\u201d (en adelante, el Programa), seg\u00fan las siguientes disposiciones:<\/p>\n\n\n\n<ol class=\"wp-block-list\" type=\"1\"><li>El nuevo monto otorgado es equivalente a 3 meses de ventas promedio mensual del a\u00f1o 2019, de acuerdo a los registros de SUNAT.<ol><li>Microempresas: Tambi\u00e9n podr\u00e1n optar por determinar el monto total del cr\u00e9dito tomando en cuenta el monto equivalente a 2 meses promedio de deuda del a\u00f1o 2019, seg\u00fan los par\u00e1metros establecidos por la SBS para cr\u00e9ditos a microempresas, hasta un m\u00e1ximo de S\/ 40,000.00.<\/li><\/ol><ol><li>Empresas del Sistema Financiero: A efectos del c\u00e1lculo del monto m\u00e1ximo de cr\u00e9dito por empresa, deber\u00e1n tomar en cuenta todos los cr\u00e9ditos que hayan sido otorgados con anterioridad a la vigencia del D.S. N\u00b0124-2020-EF.<\/li><\/ol><\/li><\/ol>\n\n\n\n<ul class=\"wp-block-list\"><li>El monto total de los cr\u00e9ditos que se garantizan a trav\u00e9s del Programa por empresa deudora, no excede los S\/ 10,000,000.00, adem\u00e1s de los intereses derivados de su uso en operaciones del Banco Central de Reserva del Per\u00fa (BCRP).<\/li><\/ul>\n\n\n\n<ul class=\"wp-block-list\"><li>La garant\u00eda que otorga el Programa cubre el saldo insoluto del cr\u00e9dito otorgado, seg\u00fan lo se\u00f1alado a continuaci\u00f3n:<\/li><\/ul>\n\n\n\n<figure class=\"wp-block-table\"><table><tbody><tr><td class=\"has-text-align-center\" data-align=\"center\"><strong>Cr\u00e9dito por empresa en soles<\/strong><\/td><td class=\"has-text-align-center\" data-align=\"center\"><strong>Garant\u00edas (%)<\/strong><\/td><\/tr><tr><td class=\"has-text-align-center\" data-align=\"center\">Hasta 90,000.00<\/td><td class=\"has-text-align-center\" data-align=\"center\">98%<\/td><\/tr><tr><td class=\"has-text-align-center\" data-align=\"center\">De 90,001.00 hasta 750,000.00<\/td><td class=\"has-text-align-center\" data-align=\"center\">95%<\/td><\/tr><tr><td class=\"has-text-align-center\" data-align=\"center\">De 750,001.00 hasta 7,500,000.00<\/td><td class=\"has-text-align-center\" data-align=\"center\">90%<\/td><\/tr><tr><td class=\"has-text-align-center\" data-align=\"center\">De 7,500,001 hasta 10,000,000.00<\/td><td class=\"has-text-align-center\" data-align=\"center\">80%<\/td><\/tr><\/tbody><\/table><\/figure>\n\n\n\n<p>Asimismo, la norma modifica una de las condiciones de acceso al Programa<a href=\"#_ftn1\">[1]<\/a>, debiendo la empresa beneficiaria cumplir con lo siguiente:<\/p>\n\n\n\n<ol class=\"wp-block-list\" type=\"1\"><li>No debe tener deudas tributarias administradas por la SUNAT por per\u00edodos anteriores al a\u00f1o 2020 y exigibles en cobranza coactiva, que totalicen un importe mayor a 1 UIT al momento de solicitar el cr\u00e9dito a la Empresa del Sistema Financiero.<\/li><li>A febrero de 2020, tales empresas deben estar clasificadas en el Sistema Financiero, en la central de riesgo de la SBS, en la categor\u00eda de \u201cNormal\u201d o \u201cCon Problemas Potenciales\u201d (CPP). En caso de no contar con clasificaci\u00f3n a dicha fecha, no haber estado en una categor\u00eda diferente a la categor\u00eda \u201cNormal\u201d considerando los 12 meses previos al otorgamiento del pr\u00e9stamo. Tambi\u00e9n se consideran con categor\u00eda \u201cNormal\u201d aquellas que no cuenten con ninguna clasificaci\u00f3n en los \u00faltimos 12 meses.<\/li><\/ol>\n\n\n\n<hr class=\"wp-block-separator\"\/>\n\n\n\n<p><a href=\"#_ftnref1\">[1]<\/a> Condici\u00f3n indicada en el numeral 6.2. del art\u00edculo 6 del Decreto Legislativo N\u00b01455 que crea el programa Reactiva Per\u00fa cuyo texto se\u00f1ala lo siguiente: \u201c6<em>.2 La empresa beneficiaria no debe tener deudas tributarias administradas por la SUNAT, exigibles en cobranza coactiva mayores a 1 UIT al 29 de febrero de 2020. Asimismo, tales empresas deben estar clasificadas en el Sistema Financiero, a igual fecha en la central de Riesgo de la Superintendencia de Banca, Seguros y Administradoras Privadas de Fondos de Pensiones (SBS), en la categor\u00eda de \u201cNormal\u201d o \u201cCon Problemas Potenciales\u201d (CPP).\u201d<\/em><\/p>\n\n\n\n<hr class=\"wp-block-separator\"\/>\n\n\n\n<p class=\"has-text-align-center\">Para mayor informaci\u00f3n sobre el tema tratado contactarse con los abogados del Estudio: <\/p>\n\n\n\n<p class=\"has-text-align-center\">Dr. Luis Gasta\u00f1eta, Dra. Shirley C\u00e1rdenas, Dr. Alfonso Tola, Dra. Mar\u00eda Soledad Gasta\u00f1eta y el Dr. Sergio Chang.<\/p>\n\n\n\n<hr class=\"wp-block-separator\"\/>\n\n\n\n<p><em>La informaci\u00f3n contenida en este documento no constituye ni pretende constituir asesor\u00eda o asistencia legal directa o indirecta de ninguna especie, ni establece ning\u00fan tipo de relaci\u00f3n profesional.<\/em><\/p>\n\n\n\n<p><em>Asimismo, tampoco pretende hacer publicidad de los servicios prestados por nuestra firma ni por ninguno de sus abogados. El \u00fanico prop\u00f3sito es dar informaci\u00f3n de car\u00e1cter general respecto de temas que pueden ser de inter\u00e9s para los clientes y amigos de nuestra firma. Este informativo, as\u00ed como otros informes generales y art\u00edculos de inter\u00e9s preparados por los abogados del Estudio, podr\u00e1n encontrarse en nuestra p\u00e1gina web: <a href=\"http:\/\/localhost\/wordpress.pe\" target=\"_blank\" rel=\"noreferrer noopener\">www.garciasayan.com.pe<\/a><\/em><\/p>\n","protected":false},"excerpt":{"rendered":"<p>Mediante Decreto Supremo N\u00b0124-2020-EF publicado el d\u00eda de hoy, el Gobierno ampli\u00f3 el monto total de los cr\u00e9ditos garantizados por el programa \u201cReactiva Per\u00fa\u201d (en adelante, el Programa), seg\u00fan las siguientes disposiciones: El nuevo monto otorgado es equivalente a 3 meses de ventas promedio mensual del a\u00f1o 2019, de acuerdo a los registros de SUNAT. [&hellip;]<\/p>\n","protected":false},"author":5,"featured_media":9614,"comment_status":"closed","ping_status":"open","sticky":false,"template":"","format":"standard","meta":{"nf_dc_page":"","content-type":"","footnotes":""},"categories":[76,83],"class_list":["post-11271","post","type-post","status-publish","format-standard","has-post-thumbnail","hentry","category-corporativo","category-covid-19"],"_links":{"self":[{"href":"https:\/\/gsalegal.pe\/en\/wp-json\/wp\/v2\/posts\/11271","targetHints":{"allow":["GET"]}}],"collection":[{"href":"https:\/\/gsalegal.pe\/en\/wp-json\/wp\/v2\/posts"}],"about":[{"href":"https:\/\/gsalegal.pe\/en\/wp-json\/wp\/v2\/types\/post"}],"author":[{"embeddable":true,"href":"https:\/\/gsalegal.pe\/en\/wp-json\/wp\/v2\/users\/5"}],"replies":[{"embeddable":true,"href":"https:\/\/gsalegal.pe\/en\/wp-json\/wp\/v2\/comments?post=11271"}],"version-history":[{"count":0,"href":"https:\/\/gsalegal.pe\/en\/wp-json\/wp\/v2\/posts\/11271\/revisions"}],"wp:featuredmedia":[{"embeddable":true,"href":"https:\/\/gsalegal.pe\/en\/wp-json\/"}],"wp:attachment":[{"href":"https:\/\/gsalegal.pe\/en\/wp-json\/wp\/v2\/media?parent=11271"}],"wp:term":[{"taxonomy":"category","embeddable":true,"href":"https:\/\/gsalegal.pe\/en\/wp-json\/wp\/v2\/categories?post=11271"}],"curies":[{"name":"wp","href":"https:\/\/api.w.org\/{rel}","templated":true}]}}