{"id":11272,"date":"2020-05-28T16:21:59","date_gmt":"2020-05-28T21:21:59","guid":{"rendered":"http:\/\/localhost\/wordpress\/?p=10343"},"modified":"2020-05-28T16:21:59","modified_gmt":"2020-05-28T21:21:59","slug":"servicios-de-industria-forestal-almacenamiento-e-industria-de-vidrio-papel-y-otros-criterios-de-focalizacion-territorial-y-obligatoriedad-de-reportar-incidencias","status":"publish","type":"post","link":"https:\/\/gsalegal.pe\/en\/servicios-de-industria-forestal-almacenamiento-e-industria-de-vidrio-papel-y-otros-criterios-de-focalizacion-territorial-y-obligatoriedad-de-reportar-incidencias\/","title":{"rendered":"Servicios de Industria Forestal, Almacenamiento e Industria de Vidrio, papel y otros: Criterios de Focalizaci\u00f3n territorial y obligatoriedad de reportar incidencias"},"content":{"rendered":"\n<p>La Resoluci\u00f3n Ministerial N\u00ba165-2020-PRODUCE aprob\u00f3 los criterios de focalizaci\u00f3n territorial; as\u00ed como la obligaci\u00f3n de informar incidencias del Sector de Producci\u00f3n en materias de Industria de Vidrio, Papel, Cart\u00f3n, Pl\u00e1stico y Hielo, Industria forestal y Servicios de Almacenamiento.<\/p>\n\n\n\n<figure class=\"wp-block-table\"><table><tbody><tr><td class=\"has-text-align-center\" data-align=\"center\"><strong>Criterios de Focalizaci\u00f3n Territorial<\/strong> \u00a0<\/td><td>Los criterios son los siguientes: <br>&#8211; <strong><u>Persona Natural<\/u><\/strong>: Contar con licencia de funcionamiento y RUC activo y habido.<br>&#8211; <strong><u>Persona Jur\u00eddica<\/u>: <\/strong>Contar con inscripci\u00f3n en SUNARP, licencia de funcionamiento y RUC activo y habido. <br>&#8211; Realizar actividades de producci\u00f3n y comercializaci\u00f3n a puerta cerrada, utilizando los canales log\u00edsticos que consideren adecuados (solo para las materias de Industria forestal e Industria de vidrio, papel y otros.) <br>Reportar a PRODUCE la existencia de sospecha o confirmaci\u00f3n de alg\u00fan infectado por COVID-19.<\/td><\/tr><tr><td class=\"has-text-align-center\" data-align=\"center\"><strong>Reanudaci\u00f3n de actividades<\/strong><strong><\/strong><\/td><td>Para la reanudaci\u00f3n de actividades se debe tomar en cuenta lo siguiente: <br>(i) La aprobaci\u00f3n sectorial est\u00e1 a cargo del Viceministro de MYPE e Industria; se emite en un plazo de un (1) d\u00eda calendario contado a partir de la presentaci\u00f3n de la solicitud.<br>(ii) Previo al reinicio de actividades se debe observar los lineamientos aprobados por la R.M N\u00ba239-2020-MINSA.<br>(iii) La fecha de inicio de actividades, es el d\u00eda calendario siguiente a la fecha de registro del Plan para la Vigilancia, Prevenci\u00f3n y Control de Covid-19 en el trabajo\u201d al siguiente link: <a href=\"https:\/\/siscovid.minsa.gob.pe\/login\" target=\"_blank\" rel=\"noopener\">https:\/\/siscovid.minsa.gob.pe\/login<\/a>.<\/td><\/tr><\/tbody><\/table><\/figure>\n\n\n\n<hr class=\"wp-block-separator\"\/>\n\n\n\n<p class=\"has-text-align-center\">Para mayor informaci\u00f3n sobre el tema tratado contactarse con los abogados de nuestra \u00c1rea Laboral: <\/p>\n\n\n\n<p class=\"has-text-align-center\">Alberto Varillas Cueto, Jaime Durand Planas, Macarena Morales Mailhe, Claudia Seminario G\u00f3mez, Fressia Sanchez Tu\u00f1oque, Sara Kalinicos Garc\u00eda, Jos\u00e9 Andr\u00e9s Piedra Pereira; y Grecia Elena Aldonate Pinto.<\/p>\n\n\n\n<hr class=\"wp-block-separator\"\/>\n\n\n\n<p><em>La informaci\u00f3n contenida en este documento no constituye ni pretende constituir asesor\u00eda o asistencia legal directa o indirecta de ninguna especie, ni establece ning\u00fan tipo de relaci\u00f3n profesional. <\/em><\/p>\n\n\n\n<p><em>Asimismo, tampoco pretende hacer publicidad de los servicios prestados por nuestra firma ni por ninguno de sus abogados. El \u00fanico prop\u00f3sito es dar informaci\u00f3n de car\u00e1cter general respecto de temas que pueden ser de inter\u00e9s para los clientes y amigos de nuestra firma. Este informativo, as\u00ed como otros informes generales y art\u00edculos de inter\u00e9s preparados por los abogados del Estudio podr\u00e1n encontrarse en nuestra p\u00e1gina web: <a href=\"http:\/\/localhost\/wordpress.pe\" target=\"_blank\" rel=\"noreferrer noopener\">www.garciasayan.com.pe<\/a><\/em><\/p>\n","protected":false},"excerpt":{"rendered":"<p>La Resoluci\u00f3n Ministerial N\u00ba165-2020-PRODUCE aprob\u00f3 los criterios de focalizaci\u00f3n territorial; as\u00ed como la obligaci\u00f3n de informar incidencias del Sector de Producci\u00f3n en materias de Industria de Vidrio, Papel, Cart\u00f3n, Pl\u00e1stico y Hielo, Industria forestal y Servicios de Almacenamiento. Criterios de Focalizaci\u00f3n Territorial \u00a0 Los criterios son los siguientes: &#8211; Persona Natural: Contar con licencia de [&hellip;]<\/p>\n","protected":false},"author":5,"featured_media":11075,"comment_status":"closed","ping_status":"open","sticky":false,"template":"","format":"standard","meta":{"nf_dc_page":"","content-type":"","footnotes":""},"categories":[83,37],"class_list":["post-11272","post","type-post","status-publish","format-standard","has-post-thumbnail","hentry","category-covid-19","category-laboral"],"_links":{"self":[{"href":"https:\/\/gsalegal.pe\/en\/wp-json\/wp\/v2\/posts\/11272","targetHints":{"allow":["GET"]}}],"collection":[{"href":"https:\/\/gsalegal.pe\/en\/wp-json\/wp\/v2\/posts"}],"about":[{"href":"https:\/\/gsalegal.pe\/en\/wp-json\/wp\/v2\/types\/post"}],"author":[{"embeddable":true,"href":"https:\/\/gsalegal.pe\/en\/wp-json\/wp\/v2\/users\/5"}],"replies":[{"embeddable":true,"href":"https:\/\/gsalegal.pe\/en\/wp-json\/wp\/v2\/comments?post=11272"}],"version-history":[{"count":0,"href":"https:\/\/gsalegal.pe\/en\/wp-json\/wp\/v2\/posts\/11272\/revisions"}],"wp:featuredmedia":[{"embeddable":true,"href":"https:\/\/gsalegal.pe\/en\/wp-json\/"}],"wp:attachment":[{"href":"https:\/\/gsalegal.pe\/en\/wp-json\/wp\/v2\/media?parent=11272"}],"wp:term":[{"taxonomy":"category","embeddable":true,"href":"https:\/\/gsalegal.pe\/en\/wp-json\/wp\/v2\/categories?post=11272"}],"curies":[{"name":"wp","href":"https:\/\/api.w.org\/{rel}","templated":true}]}}