{"id":11273,"date":"2020-05-28T16:15:50","date_gmt":"2020-05-28T21:15:50","guid":{"rendered":"http:\/\/localhost\/wordpress\/?p=10340"},"modified":"2020-05-28T16:15:50","modified_gmt":"2020-05-28T21:15:50","slug":"ana-aprueba-listado-de-procedimientos-exceptuados-de-la-suspension-del-computo-de-plazos","status":"publish","type":"post","link":"https:\/\/gsalegal.pe\/en\/ana-aprueba-listado-de-procedimientos-exceptuados-de-la-suspension-del-computo-de-plazos\/","title":{"rendered":"ANA aprueba listado de procedimientos exceptuados de la suspensi\u00f3n del c\u00f3mputo de plazos"},"content":{"rendered":"\n<p>Mediante Decreto de Urgencia N\u00b0 026-2020 (\u201cDU 026\u201d), publicado el 15 de marzo de 2020, y Decreto de Urgencia N\u00b0 029-2020 (\u201cDU 029\u201d), publicado el 20 de marzo de 2020, se suspendi\u00f3 el c\u00f3mputo de los plazos de tramitaci\u00f3n de los procedimientos administrativos sujetos a silencio positivo y negativo que se encuentren en tr\u00e1mite y el c\u00f3mputo de los plazos de inicio de tramitaci\u00f3n de los procedimientos administrativos y procedimientos de cualquier \u00edndole, ambos, por treinta (30) d\u00edas h\u00e1biles, contados a partir del d\u00eda siguiente de la publicaci\u00f3n de cada decreto mencionado.<\/p>\n\n\n\n<p>Asimismo, mediante Decreto Supremo N\u00b0 076-2020-PCM (publicado el 28 de abril de 2020) y Decreto de Urgencia N\u00b0 053-2020 (publicado el 5 de mayo de 2020) se prorrog\u00f3 la suspensi\u00f3n del c\u00f3mputo de los plazos de tramitaci\u00f3n de los procedimientos antes mencionados, por quince (15) d\u00edas h\u00e1biles, contados a partir del d\u00eda siguiente de la publicaci\u00f3n de cada decreto.<\/p>\n\n\n\n<p>Posteriormente, mediante el Decreto Supremo N\u00b0 087-2020-PCM (\u201cDS 087\u201d), se prorrog\u00f3 hasta el 10 de junio de 2020 la suspensi\u00f3n del c\u00f3mputo de plazos de inicio y tramitaci\u00f3n de los procedimientos administrativos y procedimientos de cualquier \u00edndole, incluso los regulados por leyes y disposiciones especiales previsto en el DU 029.<\/p>\n\n\n\n<p>En ese sentido, con el fin de dar continuidad operativa institucional, la ANA aprob\u00f3 un listado de procedimientos exceptuados a la suspensi\u00f3n de plazos establecidos en el DU 026, DU 029 y DS 087. Dichos procedimientos son:<\/p>\n\n\n\n<ol class=\"wp-block-list\" type=\"1\"><li>Permiso de uso de agua.<\/li><li>Autorizaci\u00f3n de uso de agua.<\/li><li>Implantaci\u00f3n o modificaci\u00f3n de servidumbre de agua forzosa.<\/li><li>Autorizaci\u00f3n de estudios para la ejecuci\u00f3n de obras en fuentes naturales de agua o en la infraestructura hidr\u00e1ulica multisectorial.<\/li><li>Autorizaci\u00f3n de ejecuci\u00f3n de estudios de aprovechamiento h\u00eddrico para obtenci\u00f3n de Licencia de Uso de Agua Superficial o Subterr\u00e1nea.<\/li><li>Autorizaci\u00f3n de ejecuci\u00f3n de estudios de aprovechamiento h\u00eddrico para obtenci\u00f3n de licencia de uso de agua superficial o subterr\u00e1nea, con perforaci\u00f3n.<\/li><li>Aprobaci\u00f3n de estudios de aprovechamiento de recursos h\u00eddricos para la obtenci\u00f3n de la licencia de uso de agua subterr\u00e1nea o superficial (acreditaci\u00f3n de disponibilidad h\u00eddrica).<\/li><li>Autorizaci\u00f3n para la ejecuci\u00f3n de obras de aprovechamiento h\u00eddrico para la obtenci\u00f3n de licencia de uso de agua superficial.<\/li><li>Autorizaci\u00f3n para la ejecuci\u00f3n de obras de alumbramiento de agua subterr\u00e1nea para la obtenci\u00f3n de la licencia de uso de agua subterr\u00e1nea.<\/li><li>Otorgamiento de licencia de uso de agua superficial o subterr\u00e1nea.<\/li><li>Autorizaci\u00f3n de vertimientos de aguas residuales industriales, municipales y dom\u00e9sticas tratadas.<\/li><li>Autorizaci\u00f3n de re\u00faso de aguas residuales industriales, municipales y dom\u00e9sticas tratadas.<\/li><li>Opini\u00f3n t\u00e9cnica vinculante de instrumentos de gesti\u00f3n ambiental (EIA-d, EIA-sd e ITS) y sus modificaciones y los informes t\u00e9cnicos sobre los t\u00edtulos habilitantes de entidades autoritativas del IntegrAmbiente.<\/li><li>Acceso a la informaci\u00f3n que produzcan o posean los \u00f3rganos de la Autoridad Nacional del Agua.<\/li><\/ol>\n\n\n\n<p>Dichos procedimientos se tramitan a trav\u00e9s del siguiente enlace: <a href=\"http:\/\/aplicaciones01.ana.gob.pe\/tramitevirtual\/\" target=\"_blank\" rel=\"noopener\">http:\/\/aplicaciones01.ana.gob.pe\/tramitevirtual\/<\/a><\/p>\n\n\n\n<p>El c\u00f3mputo de los plazos de inicio y tramitaci\u00f3n de los procedimientos antes se\u00f1alados se reanudar\u00e1n a partir del d\u00eda siguiente de publicada la Resoluci\u00f3n en referencia.<\/p>\n\n\n\n<p>En el siguiente enlace podr\u00e1n ingresar a la Resoluci\u00f3n, y su anexo, en referencia: <a href=\"https:\/\/garciasayan-my.sharepoint.com\/:b:\/g\/personal\/mcuadros_gsalegal_pe\/EbBSSuucYx1PiWtyjPTz5L0BVKT7mUmA53x2tFZONg8bgw?e=oL57oZ\" target=\"_blank\" rel=\"noopener\">https:\/\/garciasayan-my.sharepoint.com\/:b:\/g\/personal\/mcuadros_gsalegal_pe\/EbBSSuucYx1PiWtyjPTz5L0BVKT7mUmA53x2tFZONg8bgw?e=oL57oZ<\/a><\/p>\n\n\n\n<hr class=\"wp-block-separator\"\/>\n\n\n\n<p class=\"has-text-align-center\">Para m\u00e1s informaci\u00f3n sobre los temas tratados contactarse con los abogados de nuestra \u00c1rea de Recursos Naturales y Medio Ambiente:<\/p>\n\n\n\n<p class=\"has-text-align-center\">Jos\u00e9 Miguel Morales Dasso, Alberto Varillas Cueto, Edgardo Portaro van Oordt, Felipe Del \u00c1guila, Samantha Boy Roca y Jos\u00e9 Castillo.<\/p>\n\n\n\n<hr class=\"wp-block-separator\"\/>\n\n\n\n<p><em>La informaci\u00f3n contenida en este documento no constituye ni pretende constituir asesor\u00eda o asistencia legal directa o indirecta de ninguna especie, ni establece ning\u00fan tipo de relaci\u00f3n profesional.<\/em><\/p>\n\n\n\n<p><em>Asimismo, tampoco pretende hacer publicidad de los servicios prestados por nuestra firma ni por ninguno de sus abogados. El \u00fanico prop\u00f3sito es dar informaci\u00f3n de car\u00e1cter general respecto de temas que pueden ser de inter\u00e9s para los clientes y amigos de nuestra firma. Este informativo, as\u00ed como otros informes generales y art\u00edculos de inter\u00e9s preparados por los abogados del Estudio podr\u00e1n encontrarse en nuestra p\u00e1gina web: <a href=\"http:\/\/localhost\/wordpress.pe\" target=\"_blank\" rel=\"noreferrer noopener\">www.garciasayan.com.pe<\/a><\/em><\/p>\n","protected":false},"excerpt":{"rendered":"<p>Mediante Decreto de Urgencia N\u00b0 026-2020 (\u201cDU 026\u201d), publicado el 15 de marzo de 2020, y Decreto de Urgencia N\u00b0 029-2020 (\u201cDU 029\u201d), publicado el 20 de marzo de 2020, se suspendi\u00f3 el c\u00f3mputo de los plazos de tramitaci\u00f3n de los procedimientos administrativos sujetos a silencio positivo y negativo que se encuentren en tr\u00e1mite y [&hellip;]<\/p>\n","protected":false},"author":5,"featured_media":11274,"comment_status":"closed","ping_status":"open","sticky":false,"template":"","format":"standard","meta":{"nf_dc_page":"","content-type":"","footnotes":""},"categories":[83,79],"class_list":["post-11273","post","type-post","status-publish","format-standard","has-post-thumbnail","hentry","category-covid-19","category-recursos-naturales"],"_links":{"self":[{"href":"https:\/\/gsalegal.pe\/en\/wp-json\/wp\/v2\/posts\/11273","targetHints":{"allow":["GET"]}}],"collection":[{"href":"https:\/\/gsalegal.pe\/en\/wp-json\/wp\/v2\/posts"}],"about":[{"href":"https:\/\/gsalegal.pe\/en\/wp-json\/wp\/v2\/types\/post"}],"author":[{"embeddable":true,"href":"https:\/\/gsalegal.pe\/en\/wp-json\/wp\/v2\/users\/5"}],"replies":[{"embeddable":true,"href":"https:\/\/gsalegal.pe\/en\/wp-json\/wp\/v2\/comments?post=11273"}],"version-history":[{"count":0,"href":"https:\/\/gsalegal.pe\/en\/wp-json\/wp\/v2\/posts\/11273\/revisions"}],"wp:featuredmedia":[{"embeddable":true,"href":"https:\/\/gsalegal.pe\/en\/wp-json\/"}],"wp:attachment":[{"href":"https:\/\/gsalegal.pe\/en\/wp-json\/wp\/v2\/media?parent=11273"}],"wp:term":[{"taxonomy":"category","embeddable":true,"href":"https:\/\/gsalegal.pe\/en\/wp-json\/wp\/v2\/categories?post=11273"}],"curies":[{"name":"wp","href":"https:\/\/api.w.org\/{rel}","templated":true}]}}