{"id":11280,"date":"2020-05-27T16:24:44","date_gmt":"2020-05-27T21:24:44","guid":{"rendered":"http:\/\/localhost\/wordpress\/?p=10332"},"modified":"2020-05-27T16:24:44","modified_gmt":"2020-05-27T21:24:44","slug":"grupo-de-riesgo-declaracion-jurada-se-aprobo-formato-para-quienes-deseen-concurrir-al-centro-de-trabajo","status":"publish","type":"post","link":"https:\/\/gsalegal.pe\/en\/grupo-de-riesgo-declaracion-jurada-se-aprobo-formato-para-quienes-deseen-concurrir-al-centro-de-trabajo\/","title":{"rendered":"Grupo de Riesgo \u2013 Declaraci\u00f3n Jurada: Se aprob\u00f3 formato para quienes deseen concurrir al centro de trabajo"},"content":{"rendered":"\n<p>En la fecha, mediante Resoluci\u00f3n Ministerial N\u00ba099-2020-TR, el MINTRA public\u00f3 el formato de \u201cDeclaraci\u00f3n Jurada\u201d a ser utilizado en el supuesto del art\u00edculo 8\u00b0, numeral 3, del D.S. N\u00b0083-2020-PCM, el cual establece que, en los casos en el que las personas que pertenecen al Grupo de Riesgo deseen ir voluntariamente al centro de trabajo para realizar sus actividades de manera presencial, deben suscribir una declaraci\u00f3n jurada.&nbsp; &nbsp;<\/p>\n\n\n\n<p>En ese sentido, el formato de declaraci\u00f3n jurada puede obtenerse en: <a href=\"https:\/\/cdn.www.gob.pe\/uploads\/document\/file\/743501\/DJ_RM_099-2020.pdf\" target=\"_blank\" rel=\"noreferrer noopener\">https:\/\/cdn.www.gob.pe\/uploads\/document\/file\/743501\/DJ_RM_099-2020.pdf<\/a><\/p>\n\n\n\n<hr class=\"wp-block-separator\"\/>\n\n\n\n<p class=\"has-text-align-center\">Para mayor informaci\u00f3n sobre el tema tratado contactarse con los abogados de nuestra \u00c1rea Laboral: <\/p>\n\n\n\n<p class=\"has-text-align-center\">Alberto Varillas Cueto, Jaime Durand Planas, Macarena Morales Mailhe, Claudia Seminario G\u00f3mez, Fressia Sanchez Tu\u00f1oque, Sara Kalinicos Garc\u00eda, Jos\u00e9 Andr\u00e9s Piedra Pereira,; y Grecia Elena Aldonate Pinto.<\/p>\n\n\n\n<hr class=\"wp-block-separator\"\/>\n\n\n\n<p><em>La informaci\u00f3n contenida en este documento no constituye ni pretende constituir asesor\u00eda o asistencia legal directa o indirecta de ninguna especie, ni establece ning\u00fan tipo de relaci\u00f3n profesional. <\/em><\/p>\n\n\n\n<p><em>Asimismo, tampoco pretende hacer publicidad de los servicios prestados por nuestra firma ni por ninguno de sus abogados. El \u00fanico prop\u00f3sito es dar informaci\u00f3n de car\u00e1cter general respecto de temas que pueden ser de inter\u00e9s para los clientes y amigos de nuestra firma. Este informativo, as\u00ed como otros informes generales y art\u00edculos de inter\u00e9s preparados por los abogados del Estudio podr\u00e1n encontrarse en nuestra p\u00e1gina web: <a href=\"http:\/\/localhost\/wordpress.pe\" target=\"_blank\" rel=\"noopener\">www.garciasayan.com.pe<\/a><\/em><\/p>\n","protected":false},"excerpt":{"rendered":"<p>En la fecha, mediante Resoluci\u00f3n Ministerial N\u00ba099-2020-TR, el MINTRA public\u00f3 el formato de \u201cDeclaraci\u00f3n Jurada\u201d a ser utilizado en el supuesto del art\u00edculo 8\u00b0, numeral 3, del D.S. N\u00b0083-2020-PCM, el cual establece que, en los casos en el que las personas que pertenecen al Grupo de Riesgo deseen ir voluntariamente al centro de trabajo para [&hellip;]<\/p>\n","protected":false},"author":5,"featured_media":11198,"comment_status":"open","ping_status":"open","sticky":false,"template":"","format":"standard","meta":{"nf_dc_page":"","content-type":"","footnotes":""},"categories":[83,37],"class_list":["post-11280","post","type-post","status-publish","format-standard","has-post-thumbnail","hentry","category-covid-19","category-laboral"],"_links":{"self":[{"href":"https:\/\/gsalegal.pe\/en\/wp-json\/wp\/v2\/posts\/11280","targetHints":{"allow":["GET"]}}],"collection":[{"href":"https:\/\/gsalegal.pe\/en\/wp-json\/wp\/v2\/posts"}],"about":[{"href":"https:\/\/gsalegal.pe\/en\/wp-json\/wp\/v2\/types\/post"}],"author":[{"embeddable":true,"href":"https:\/\/gsalegal.pe\/en\/wp-json\/wp\/v2\/users\/5"}],"replies":[{"embeddable":true,"href":"https:\/\/gsalegal.pe\/en\/wp-json\/wp\/v2\/comments?post=11280"}],"version-history":[{"count":0,"href":"https:\/\/gsalegal.pe\/en\/wp-json\/wp\/v2\/posts\/11280\/revisions"}],"wp:featuredmedia":[{"embeddable":true,"href":"https:\/\/gsalegal.pe\/en\/wp-json\/"}],"wp:attachment":[{"href":"https:\/\/gsalegal.pe\/en\/wp-json\/wp\/v2\/media?parent=11280"}],"wp:term":[{"taxonomy":"category","embeddable":true,"href":"https:\/\/gsalegal.pe\/en\/wp-json\/wp\/v2\/categories?post=11280"}],"curies":[{"name":"wp","href":"https:\/\/api.w.org\/{rel}","templated":true}]}}