{"id":11286,"date":"2020-05-26T15:26:03","date_gmt":"2020-05-26T20:26:03","guid":{"rendered":"http:\/\/localhost\/wordpress\/?p=10320"},"modified":"2020-05-26T15:26:03","modified_gmt":"2020-05-26T20:26:03","slug":"aportes-previsionales-de-mayo-2020","status":"publish","type":"post","link":"https:\/\/gsalegal.pe\/en\/aportes-previsionales-de-mayo-2020\/","title":{"rendered":"Aportes previsionales de mayo 2020"},"content":{"rendered":"\n<p>Les recordamos que, en el presente mes de mayo, se reanuda la obligaci\u00f3n del empleador de retener y pagar el monto correspondiente al aporte al Sistema Privado de Pensiones en la AFP del trabajador.<\/p>\n\n\n\n<p>Como es de conocimiento dicha obligaci\u00f3n hab\u00eda sido suspendida temporalmente por el mes de abril mediante el Decreto de Urgencia N\u00ba 33-2020; no obstante, a partir del mes de mayo de los corrientes dicha obligaci\u00f3n se reanuda.<\/p>\n\n\n\n<p>El incumplimiento de la retenci\u00f3n y pago podr\u00eda acarrear la imposici\u00f3n de sanciones administrativas por una infracci\u00f3n muy grave en materia de seguridad social e incluso el inicio de un proceso judicial por parte de la AFP.<\/p>\n\n\n\n<hr class=\"wp-block-separator\"\/>\n\n\n\n<p class=\"has-text-align-center\">Para mayor informaci\u00f3n sobre el tema tratado contactarse con los abogados de nuestra \u00c1rea Laboral: <\/p>\n\n\n\n<p class=\"has-text-align-center\">Alberto Varillas Cueto, Jaime Durand Planas, Macarena Morales Mailhe, Claudia Seminario G\u00f3mez, Fressia Sanchez Tu\u00f1oque, Sara Kalinicos Garc\u00eda, Jos\u00e9 Andr\u00e9s Piedra Pereira; y Grecia Elena Aldonate Pinto.<\/p>\n\n\n\n<hr class=\"wp-block-separator\"\/>\n\n\n\n<p><em>La informaci\u00f3n contenida en este documento no constituye ni pretende constituir asesor\u00eda o asistencia legal directa o indirecta de ninguna especie, ni establece ning\u00fan tipo de relaci\u00f3n profesional. <\/em><\/p>\n\n\n\n<p><em>Asimismo, tampoco pretende hacer publicidad de los servicios prestados por nuestra firma ni por ninguno de sus abogados. El \u00fanico prop\u00f3sito es dar informaci\u00f3n de car\u00e1cter general respecto de temas que pueden ser de inter\u00e9s para los clientes y amigos de nuestra firma. Este informativo, as\u00ed como otros informes generales y art\u00edculos de inter\u00e9s preparados por los abogados del Estudio podr\u00e1n encontrarse en nuestra p\u00e1gina web: <a href=\"http:\/\/localhost\/wordpress.pe\" target=\"_blank\" rel=\"noreferrer noopener\">www.garciasayan.com.pe<\/a><\/em><\/p>\n","protected":false},"excerpt":{"rendered":"<p>Les recordamos que, en el presente mes de mayo, se reanuda la obligaci\u00f3n del empleador de retener y pagar el monto correspondiente al aporte al Sistema Privado de Pensiones en la AFP del trabajador. Como es de conocimiento dicha obligaci\u00f3n hab\u00eda sido suspendida temporalmente por el mes de abril mediante el Decreto de Urgencia N\u00ba [&hellip;]<\/p>\n","protected":false},"author":5,"featured_media":11080,"comment_status":"closed","ping_status":"open","sticky":false,"template":"","format":"standard","meta":{"nf_dc_page":"","content-type":"","footnotes":""},"categories":[83,37],"class_list":["post-11286","post","type-post","status-publish","format-standard","has-post-thumbnail","hentry","category-covid-19","category-laboral"],"_links":{"self":[{"href":"https:\/\/gsalegal.pe\/en\/wp-json\/wp\/v2\/posts\/11286","targetHints":{"allow":["GET"]}}],"collection":[{"href":"https:\/\/gsalegal.pe\/en\/wp-json\/wp\/v2\/posts"}],"about":[{"href":"https:\/\/gsalegal.pe\/en\/wp-json\/wp\/v2\/types\/post"}],"author":[{"embeddable":true,"href":"https:\/\/gsalegal.pe\/en\/wp-json\/wp\/v2\/users\/5"}],"replies":[{"embeddable":true,"href":"https:\/\/gsalegal.pe\/en\/wp-json\/wp\/v2\/comments?post=11286"}],"version-history":[{"count":0,"href":"https:\/\/gsalegal.pe\/en\/wp-json\/wp\/v2\/posts\/11286\/revisions"}],"wp:featuredmedia":[{"embeddable":true,"href":"https:\/\/gsalegal.pe\/en\/wp-json\/"}],"wp:attachment":[{"href":"https:\/\/gsalegal.pe\/en\/wp-json\/wp\/v2\/media?parent=11286"}],"wp:term":[{"taxonomy":"category","embeddable":true,"href":"https:\/\/gsalegal.pe\/en\/wp-json\/wp\/v2\/categories?post=11286"}],"curies":[{"name":"wp","href":"https:\/\/api.w.org\/{rel}","templated":true}]}}