{"id":11287,"date":"2020-05-25T17:02:51","date_gmt":"2020-05-25T22:02:51","guid":{"rendered":"http:\/\/localhost\/wordpress\/?p=10317"},"modified":"2020-05-25T17:02:51","modified_gmt":"2020-05-25T22:02:51","slug":"prorrogan-suspension-de-labores-del-poder-judicial-y-los-plazos-procesales-y-administrativos-asimismo-se-establece-fecha-de-entrada-en-vigencia-del-protocolo-de-reactivacion-de-los-organos-jurisdicc","status":"publish","type":"post","link":"https:\/\/gsalegal.pe\/en\/prorrogan-suspension-de-labores-del-poder-judicial-y-los-plazos-procesales-y-administrativos-asimismo-se-establece-fecha-de-entrada-en-vigencia-del-protocolo-de-reactivacion-de-los-organos-jurisdicc\/","title":{"rendered":"Prorrogan suspensi\u00f3n de labores del Poder Judicial y los plazos procesales y administrativos, asimismo, se establece fecha de entrada en vigencia del Protocolo de reactivaci\u00f3n de los \u00f3rganos jurisdiccionales y administrativos"},"content":{"rendered":"\n<p>El Consejo Ejecutivo del Poder Judicial por Resoluci\u00f3n Administrativa N\u00b0 000157-2020-CE-PJ, del 25 de mayo de 2020, ha prorrogado la suspensi\u00f3n de las labores del Poder Judicial y los plazos procesales y administrativos, a partir del 25 de mayo de 2020 hasta el 30 de junio de 2020, establecidas mediante la Resoluci\u00f3n Administrativa N\u00b0 115-2020-CE-PJ, Acuerdos Nos. 480 y 481-2020 del Consejo Ejecutivo del Poder Judicial, as\u00ed como las Resoluciones Nos. 0000051-2020-P-CE-PJ y 000156-2020-CE-PJ.<\/p>\n\n\n\n<p>Cabe se\u00f1alar que, conforme lo dispone la Resoluci\u00f3n Administrativa en menci\u00f3n, los \u00f3rganos jurisdiccionales de emergencia designados a nivel nacional continuar\u00e1n en funciones hasta el 30 de junio de 2020, para lo cual el Presidente del Poder Judicial y los Presidentes de las Cortes Superiores de Justicia del pa\u00eds, podr\u00e1n disponer la alternancia de los jueces y servidores jurisdiccionales que los integran, estableciendo los plazos de alternancia, con el objeto de brindar un adecuado servicio de administraci\u00f3n de justicia.<\/p>\n\n\n\n<p>Asimismo, la citada Resoluci\u00f3n Administrativa establece a partir del 17 de junio de 2020, y por el plazo ah\u00ed se\u00f1alado, la vigencia del Protocolo denominado <em>\u201cMedidas de reactivaci\u00f3n de los \u00f3rganos jurisdiccionales y administrativos del Poder Judicial, posterior al levantamiento del aislamiento social obligatorio establecido por el Decreto Supremo N\u00b0 044-2020-PCM y prorrogado por los Decretos Supremos Nros. 051 y 064-2020-PCM\u201d<\/em>, aprobado mediante Resoluci\u00f3n Administrativa N\u00b0 000129-2020-CE-PJ y modificado por Resoluci\u00f3n Administrativa N\u00b0 000146-2020-CE-PJ.<\/p>\n\n\n\n<p>Igualmente, la Resoluci\u00f3n Administrativa en referencia, ha dispuesto que a partir del 1 de julio de 2020, los \u00f3rganos jurisdiccionales procedan a programar las audiencias penales <strong><u>y no penales<\/u><\/strong> que deber\u00e1n iniciar a partir del 17 de julio de 2020, las cuales se desarrollar\u00e1n de modo remoto y s\u00f3lo excepcionalmente de forma presencial.<\/p>\n\n\n\n<hr class=\"wp-block-separator\"\/>\n\n\n\n<p class=\"has-text-align-center\">Para mayor informaci\u00f3n sobre el tema tratado contactarse con los abogados de nuestra \u00c1rea de Litigios.<\/p>\n\n\n\n<p class=\"has-text-align-center\"><strong>Javier Villa Garc\u00eda Vargas, Agust\u00edn Yrigoyen Gonz\u00e1lez del Riego, Carlos Mart\u00edn Ch\u00e1vez Meza, Ra\u00fal Aranda C\u00f3rdova, Rafael S\u00e1nchez R\u00edos<\/strong>.<\/p>\n\n\n\n<hr class=\"wp-block-separator\"\/>\n\n\n\n<p><em>La informaci\u00f3n contenida en este documento no constituye ni pretende constituir asesor\u00eda o asistencia legal directa o indirecta de ninguna especie, ni establece ning\u00fan tipo de relaci\u00f3n profesional. <\/em><\/p>\n\n\n\n<p><em>Asimismo, tampoco pretende hacer publicidad de los servicios prestados por nuestra firma ni por ninguno de sus abogados. El \u00fanico prop\u00f3sito es dar informaci\u00f3n de car\u00e1cter general respecto de temas que pueden ser de inter\u00e9s para los clientes y amigos de nuestra firma. Este\u00a0 informativo as\u00ed como otros informes generales y art\u00edculos de inter\u00e9s preparados por los abogados del Estudio podr\u00e1n encontrarse en nuestra p\u00e1gina web: <a href=\"http:\/\/www.gsalegal.pe\">www.gsalegal.pe<\/a><\/em><\/p>\n","protected":false},"excerpt":{"rendered":"<p>El Consejo Ejecutivo del Poder Judicial por Resoluci\u00f3n Administrativa N\u00b0 000157-2020-CE-PJ, del 25 de mayo de 2020, ha prorrogado la suspensi\u00f3n de las labores del Poder Judicial y los plazos procesales y administrativos, a partir del 25 de mayo de 2020 hasta el 30 de junio de 2020, establecidas mediante la Resoluci\u00f3n Administrativa N\u00b0 115-2020-CE-PJ, [&hellip;]<\/p>\n","protected":false},"author":5,"featured_media":9547,"comment_status":"closed","ping_status":"open","sticky":false,"template":"","format":"standard","meta":{"nf_dc_page":"","content-type":"","footnotes":""},"categories":[83,84],"class_list":["post-11287","post","type-post","status-publish","format-standard","has-post-thumbnail","hentry","category-covid-19","category-litigio"],"_links":{"self":[{"href":"https:\/\/gsalegal.pe\/en\/wp-json\/wp\/v2\/posts\/11287","targetHints":{"allow":["GET"]}}],"collection":[{"href":"https:\/\/gsalegal.pe\/en\/wp-json\/wp\/v2\/posts"}],"about":[{"href":"https:\/\/gsalegal.pe\/en\/wp-json\/wp\/v2\/types\/post"}],"author":[{"embeddable":true,"href":"https:\/\/gsalegal.pe\/en\/wp-json\/wp\/v2\/users\/5"}],"replies":[{"embeddable":true,"href":"https:\/\/gsalegal.pe\/en\/wp-json\/wp\/v2\/comments?post=11287"}],"version-history":[{"count":0,"href":"https:\/\/gsalegal.pe\/en\/wp-json\/wp\/v2\/posts\/11287\/revisions"}],"wp:featuredmedia":[{"embeddable":true,"href":"https:\/\/gsalegal.pe\/en\/wp-json\/"}],"wp:attachment":[{"href":"https:\/\/gsalegal.pe\/en\/wp-json\/wp\/v2\/media?parent=11287"}],"wp:term":[{"taxonomy":"category","embeddable":true,"href":"https:\/\/gsalegal.pe\/en\/wp-json\/wp\/v2\/categories?post=11287"}],"curies":[{"name":"wp","href":"https:\/\/api.w.org\/{rel}","templated":true}]}}