{"id":11288,"date":"2020-05-25T16:57:11","date_gmt":"2020-05-25T21:57:11","guid":{"rendered":"http:\/\/localhost\/wordpress\/?p=10315"},"modified":"2020-05-25T16:57:11","modified_gmt":"2020-05-25T21:57:11","slug":"pase-personal-y-vehicular-laboral-el-nuevo-pase-vehicular-distrital-comunicado-mindef-mininter","status":"publish","type":"post","link":"https:\/\/gsalegal.pe\/en\/pase-personal-y-vehicular-laboral-el-nuevo-pase-vehicular-distrital-comunicado-mindef-mininter\/","title":{"rendered":"Pase laboral, pase vehicular laboral y nuevo pase vehicular distrital: Comunicado MINDEF \u2013 MININTER"},"content":{"rendered":"\n<p>Atendiendo a lo se\u00f1alado en el Decreto Supremo N\u00ba 094-2020-PCM a trav\u00e9s del cual se prorrog\u00f3 el Estado de Emergencia Nacional y se establecieron nuevas disposiciones, el MINDEF y MININTER, en la fecha, han emitido un comunicado respecto al Pase Personal y Vehicular para nuevas actividades econ\u00f3micas; as\u00ed como; del nuevo Pase Vehicular Distrital. Como se anota m\u00e1s adelante, el Comunicado impone obligaciones no previstas en el referido Decreto Supremo.<\/p>\n\n\n\n<p>En ese sentido, las disposiciones son las siguientes:<\/p>\n\n\n\n<figure class=\"wp-block-table\"><table><tbody><tr><td class=\"has-text-align-center\" data-align=\"center\"><strong>Pase Personal Laboral<\/strong> <strong>&nbsp;<\/strong><\/td><td>&#8211; Se mantiene vigente para quienes trabajan en las actividades que ya se encontraban habilitadas<br>&#8211; Deber\u00e1 ser gestionado por los trabajadores de las nuevas actividades en el link<a href=\"http:\/\/www.gob.pe\/paselaboral\" target=\"_blank\" rel=\"noopener\"><strong>www.gob.pe\/paselaboral<\/strong><\/a><strong><u>.<\/u><\/strong><br>&#8211; Este pase no autoriza el uso de veh\u00edculos particulares.<\/td><\/tr><tr><td class=\"has-text-align-center\" data-align=\"center\"><strong>&nbsp;<\/strong> <strong>&nbsp;<\/strong> <strong>Pase Vehicular Laboral<\/strong><\/td><td>&#8211; Se podr\u00e1 solicitar en el mismo enlace del pase personal laboral: <a href=\"http:\/\/www.gob.pe\/paselaboral\" target=\"_blank\" rel=\"noopener\"><strong>www.gob.pe\/paselaboral<\/strong><\/a><strong><u>.<\/u><\/strong><br>&#8211; Dicho pase se debe renovar cada cuatro (4) d\u00edas (este plazo no est\u00e1 previsto en el Decreto Supremo).<br>&#8211; Las personas que desempe\u00f1en actividades econ\u00f3micas autorizadas y se movilicen en veh\u00edculo, adem\u00e1s del Pase Personal Laboral y Pase Vehicular Laboral, deber\u00e1n portar su DNI y el fotocheck de la empresa, de darse el caso.<\/td><\/tr><tr><td class=\"has-text-align-center\" data-align=\"center\"><strong>Pase Vehicular Distrital<\/strong> (este Pase no existe en el Decreto Supremo)<\/td><td>&#8211; Solo podr\u00e1 ser utilizado para el abastecimiento de alimentos, medicinas y servicios financieros dentro del distrito de residencia, y solo una persona por veh\u00edculo.<br>&#8211; El pase se puede gestionar a partir del 25 de mayo en el siguiente link <a href=\"http:\/\/www.gob.pe\/pasevehicular\" target=\"_blank\" rel=\"noopener\"><strong>www.gob.pe\/pasevehicular<\/strong><\/a><br>&#8211; El pase vehicular distrital solo ser\u00e1 v\u00e1lido hasta el 30 de junio del presente a\u00f1o.<\/td><\/tr><tr><td class=\"has-text-align-center\" data-align=\"center\"><strong>&nbsp;<\/strong> <strong>&nbsp;<\/strong> <strong>&nbsp;<\/strong> <strong>Disposiciones Generales<\/strong><\/td><td>&#8211; El Pase Vehicular respectivo visible en el parabrisas delantero.<br>&#8211; Las personas que requieren asistir a establecimientos de Salud para atenci\u00f3n m\u00e9dica de emergencia por encontrarse en grave riesgo, podr\u00e1n circular con su veh\u00edculo particular.<br>&#8211; Durante la inmovilizaci\u00f3n social obligatoria y en casos de emergencia, los veh\u00edculos deber\u00e1n transitar con las luces interiores e intermitentes encendidas, a una velocidad no mayor de 30 km\/h.<\/td><\/tr><\/tbody><\/table><\/figure>\n\n\n\n<hr class=\"wp-block-separator\"\/>\n\n\n\n<p class=\"has-text-align-center\">Para mayor informaci\u00f3n sobre el tema tratado contactarse con los abogados de nuestra \u00c1rea Laboral: <\/p>\n\n\n\n<p class=\"has-text-align-center\">Alberto Varillas Cueto, Jaime Durand Planas, Macarena Morales Mailhe, Claudia Seminario G\u00f3mez, Sara Kalinicos Garc\u00eda, Jos\u00e9 Andr\u00e9s Piedra Pereira, Fressia Sanchez Tu\u00f1oque; y Grecia Elena Aldonate Pinto.<\/p>\n\n\n\n<hr class=\"wp-block-separator\"\/>\n\n\n\n<p><em>La informaci\u00f3n contenida en este documento no constituye ni pretende constituir asesor\u00eda o asistencia legal directa o indirecta de ninguna especie, ni establece ning\u00fan tipo de relaci\u00f3n profesional. <\/em><\/p>\n\n\n\n<p><em>Asimismo, tampoco pretende hacer publicidad de los servicios prestados por nuestra firma ni por ninguno de sus abogados. El \u00fanico prop\u00f3sito es dar informaci\u00f3n de car\u00e1cter general respecto de temas que pueden ser de inter\u00e9s para los clientes y amigos de nuestra firma. Este informativo, as\u00ed como otros informes generales y art\u00edculos de inter\u00e9s preparados por los abogados del Estudio podr\u00e1n encontrarse en nuestra p\u00e1gina web: <a href=\"http:\/\/localhost\/wordpress.pe\" target=\"_blank\" rel=\"noopener\">www.garciasayan.com.pe<\/a><\/em><\/p>\n","protected":false},"excerpt":{"rendered":"<p>Atendiendo a lo se\u00f1alado en el Decreto Supremo N\u00ba 094-2020-PCM a trav\u00e9s del cual se prorrog\u00f3 el Estado de Emergencia Nacional y se establecieron nuevas disposiciones, el MINDEF y MININTER, en la fecha, han emitido un comunicado respecto al Pase Personal y Vehicular para nuevas actividades econ\u00f3micas; as\u00ed como; del nuevo Pase Vehicular Distrital. Como [&hellip;]<\/p>\n","protected":false},"author":5,"featured_media":9780,"comment_status":"closed","ping_status":"open","sticky":false,"template":"","format":"standard","meta":{"nf_dc_page":"","content-type":"","footnotes":""},"categories":[83,37],"class_list":["post-11288","post","type-post","status-publish","format-standard","has-post-thumbnail","hentry","category-covid-19","category-laboral"],"_links":{"self":[{"href":"https:\/\/gsalegal.pe\/en\/wp-json\/wp\/v2\/posts\/11288","targetHints":{"allow":["GET"]}}],"collection":[{"href":"https:\/\/gsalegal.pe\/en\/wp-json\/wp\/v2\/posts"}],"about":[{"href":"https:\/\/gsalegal.pe\/en\/wp-json\/wp\/v2\/types\/post"}],"author":[{"embeddable":true,"href":"https:\/\/gsalegal.pe\/en\/wp-json\/wp\/v2\/users\/5"}],"replies":[{"embeddable":true,"href":"https:\/\/gsalegal.pe\/en\/wp-json\/wp\/v2\/comments?post=11288"}],"version-history":[{"count":0,"href":"https:\/\/gsalegal.pe\/en\/wp-json\/wp\/v2\/posts\/11288\/revisions"}],"wp:featuredmedia":[{"embeddable":true,"href":"https:\/\/gsalegal.pe\/en\/wp-json\/"}],"wp:attachment":[{"href":"https:\/\/gsalegal.pe\/en\/wp-json\/wp\/v2\/media?parent=11288"}],"wp:term":[{"taxonomy":"category","embeddable":true,"href":"https:\/\/gsalegal.pe\/en\/wp-json\/wp\/v2\/categories?post=11288"}],"curies":[{"name":"wp","href":"https:\/\/api.w.org\/{rel}","templated":true}]}}