{"id":11297,"date":"2020-05-21T16:18:47","date_gmt":"2020-05-21T21:18:47","guid":{"rendered":"http:\/\/localhost\/wordpress\/?p=10292"},"modified":"2020-05-21T16:18:47","modified_gmt":"2020-05-21T21:18:47","slug":"oefa-aprueban-el-plan-anual-de-evaluacion-y-fiscalizacion-ambiental-planefa-correspondiente-al-ano-2021","status":"publish","type":"post","link":"https:\/\/gsalegal.pe\/en\/oefa-aprueban-el-plan-anual-de-evaluacion-y-fiscalizacion-ambiental-planefa-correspondiente-al-ano-2021\/","title":{"rendered":"OEFA: Aprueban el Plan Anual de Evaluaci\u00f3n y Fiscalizaci\u00f3n Ambiental \u2013 PLANEFA correspondiente al a\u00f1o 2021"},"content":{"rendered":"\n<p>En atenci\u00f3n al R\u00e9gimen Com\u00fan de Fiscalizaci\u00f3n Ambiental, aprobado mediante Resoluci\u00f3n Ministerial N\u00ba 247-2013-MINAM, los PLANEFA son los instrumentos de planificaci\u00f3n a trav\u00e9s de los cuales cada Entidad de Fiscalizaci\u00f3n Ambiental programa las acciones a su cargo, en materia de fiscalizaci\u00f3n ambiental a ser efectuadas durante el a\u00f1o fiscal.<\/p>\n\n\n\n<p>En este sentido, el Organismo de Evaluaci\u00f3n y Fiscalizaci\u00f3n Ambiental, a trav\u00e9s de la Resoluci\u00f3n del Consejo Directivo N\u00ba 00005-2020-OEFA\/CD, aprob\u00f3 el PLANEFA correspondiente a las actividades que desarrollar\u00e1 la entidad en el a\u00f1o 2021.<\/p>\n\n\n\n<p>El objetivo principal, planteado en este instrumento, ser\u00e1 realizar ciento diecinueve (119) evaluaciones ambientales, tres mil cuarenta y seis (3046) supervisiones ambientales (orientativas, regulares y especiales) y culminar tres mil ciento setenta y ocho (3178) expedientes sancionadores.<\/p>\n\n\n\n<p>Finalmente, se ha programado la aprobaci\u00f3n de doce (12) instrumentos normativos basados en los problemas regulatorios identificados.<\/p>\n\n\n\n<hr class=\"wp-block-separator\"\/>\n\n\n\n<p class=\"has-text-align-center\">Para m\u00e1s informaci\u00f3n sobre los temas tratados contactarse con los abogados de nuestra \u00c1rea de Recursos Naturales y Medio Ambiente:<\/p>\n\n\n\n<p class=\"has-text-align-center\">Jos\u00e9 Miguel Morales Dasso, Alberto Varillas Cueto, Edgardo Portaro van Oordt, Felipe Del \u00c1guila, Samantha Boy Roca y Jos\u00e9 Castillo.<\/p>\n\n\n\n<hr class=\"wp-block-separator\"\/>\n\n\n\n<p><em>La informaci\u00f3n contenida en este documento no constituye ni pretende constituir asesor\u00eda o asistencia legal directa o indirecta de ninguna especie, ni establece ning\u00fan tipo de relaci\u00f3n profesional.<\/em><\/p>\n\n\n\n<p><em>Asimismo, tampoco pretende hacer publicidad de los servicios prestados por nuestra firma ni por ninguno de sus abogados. El \u00fanico prop\u00f3sito es dar informaci\u00f3n de car\u00e1cter general respecto de temas que pueden ser de inter\u00e9s para los clientes y amigos de nuestra firma. Este informativo, as\u00ed como otros informes generales y art\u00edculos de inter\u00e9s preparados por los abogados del Estudio podr\u00e1n encontrarse en nuestra p\u00e1gina web: <a href=\"http:\/\/localhost\/wordpress.pe\" target=\"_blank\" rel=\"noreferrer noopener\">www.garciasayan.com.pe<\/a><\/em><\/p>\n","protected":false},"excerpt":{"rendered":"<p>En atenci\u00f3n al R\u00e9gimen Com\u00fan de Fiscalizaci\u00f3n Ambiental, aprobado mediante Resoluci\u00f3n Ministerial N\u00ba 247-2013-MINAM, los PLANEFA son los instrumentos de planificaci\u00f3n a trav\u00e9s de los cuales cada Entidad de Fiscalizaci\u00f3n Ambiental programa las acciones a su cargo, en materia de fiscalizaci\u00f3n ambiental a ser efectuadas durante el a\u00f1o fiscal. En este sentido, el Organismo de [&hellip;]<\/p>\n","protected":false},"author":5,"featured_media":11075,"comment_status":"closed","ping_status":"open","sticky":false,"template":"","format":"standard","meta":{"nf_dc_page":"","content-type":"","footnotes":""},"categories":[83,79],"class_list":["post-11297","post","type-post","status-publish","format-standard","has-post-thumbnail","hentry","category-covid-19","category-recursos-naturales"],"_links":{"self":[{"href":"https:\/\/gsalegal.pe\/en\/wp-json\/wp\/v2\/posts\/11297","targetHints":{"allow":["GET"]}}],"collection":[{"href":"https:\/\/gsalegal.pe\/en\/wp-json\/wp\/v2\/posts"}],"about":[{"href":"https:\/\/gsalegal.pe\/en\/wp-json\/wp\/v2\/types\/post"}],"author":[{"embeddable":true,"href":"https:\/\/gsalegal.pe\/en\/wp-json\/wp\/v2\/users\/5"}],"replies":[{"embeddable":true,"href":"https:\/\/gsalegal.pe\/en\/wp-json\/wp\/v2\/comments?post=11297"}],"version-history":[{"count":0,"href":"https:\/\/gsalegal.pe\/en\/wp-json\/wp\/v2\/posts\/11297\/revisions"}],"wp:featuredmedia":[{"embeddable":true,"href":"https:\/\/gsalegal.pe\/en\/wp-json\/"}],"wp:attachment":[{"href":"https:\/\/gsalegal.pe\/en\/wp-json\/wp\/v2\/media?parent=11297"}],"wp:term":[{"taxonomy":"category","embeddable":true,"href":"https:\/\/gsalegal.pe\/en\/wp-json\/wp\/v2\/categories?post=11297"}],"curies":[{"name":"wp","href":"https:\/\/api.w.org\/{rel}","templated":true}]}}