{"id":11298,"date":"2020-05-21T16:11:59","date_gmt":"2020-05-21T21:11:59","guid":{"rendered":"http:\/\/localhost\/wordpress\/?p=10290"},"modified":"2020-05-21T16:11:59","modified_gmt":"2020-05-21T21:11:59","slug":"oefa-modifican-el-reglamento-interno-del-tribunal-de-fiscalizacion-ambiental","status":"publish","type":"post","link":"https:\/\/gsalegal.pe\/en\/oefa-modifican-el-reglamento-interno-del-tribunal-de-fiscalizacion-ambiental\/","title":{"rendered":"OEFA: Modifican el Reglamento Interno del Tribunal de Fiscalizaci\u00f3n Ambiental"},"content":{"rendered":"\n<p>A trav\u00e9s de la Resoluci\u00f3n del Consejo Directivo N\u00ba 00006-2020-OEFA\/CD, el Organismo de Evaluaci\u00f3n y Fiscalizaci\u00f3n Ambiental dispuso la modificaci\u00f3n del Reglamento Interno del Tribunal de Fiscalizaci\u00f3n Ambiental en los siguientes extremos:<\/p>\n\n\n\n<ul class=\"wp-block-list\"><li>Las sesiones de las Salas Especializadas o de la Sala Plena podr\u00e1n realizarse de manera virtual, \u00fanicamente cuando existan causas externas y objetivamente justificables que no permitan la realizaci\u00f3n de una sesi\u00f3n presencial, debiendo constar dichas causas en el acta de la sesi\u00f3n.<\/li><\/ul>\n\n\n\n<ul class=\"wp-block-list\"><li>En el caso de sesiones no presenciales o virtuales, los mecanismos tecnol\u00f3gicos empleados deben garantizar la identidad de los participantes, el contenido de sus manifestaciones, el momento en que estas se producen, as\u00ed como la interactividad y comunicaci\u00f3n entre ellos, en tiempo real y la disponibilidad de dichos mecanismos durante la sesi\u00f3n. Las actas de las sesiones no presenciales o virtuales ser\u00e1n suscritas digitalmente, utilizando firma electr\u00f3nica.<\/li><\/ul>\n\n\n\n<ul class=\"wp-block-list\"><li>De la misma forma, las funciones de la Secretar\u00eda T\u00e9cnica del Tribunal ser\u00e1n preparar la agenda, convocar a sesi\u00f3n, asistir o participar y levantar el acta correspondiente de las sesiones de las Salas Especializadas y la Sala Plena, que se realicen de manera presencial en la sede central del OEFA o de manera no presencial o virtual a trav\u00e9s de equipos tecnol\u00f3gicos, en atenci\u00f3n al plan y metodolog\u00eda de trabajo dispuesta por la Secretar\u00eda T\u00e9cnica, que comprende la distribuci\u00f3n de la carga procesal.<\/li><\/ul>\n\n\n\n<hr class=\"wp-block-separator\"\/>\n\n\n\n<p class=\"has-text-align-center\">Para m\u00e1s informaci\u00f3n sobre los temas tratados contactarse con los abogados de nuestra \u00c1rea de Recursos Naturales y Medio Ambiente:<\/p>\n\n\n\n<p class=\"has-text-align-center\">Jos\u00e9 Miguel Morales Dasso, Alberto Varillas Cueto, Edgardo Portaro van Oordt, Felipe Del \u00c1guila, Samantha Boy Roca y Jos\u00e9 Castillo.<\/p>\n\n\n\n<hr class=\"wp-block-separator\"\/>\n\n\n\n<p><em>La informaci\u00f3n contenida en este documento no constituye ni pretende constituir asesor\u00eda o asistencia legal directa o indirecta de ninguna especie, ni establece ning\u00fan tipo de relaci\u00f3n profesional.<\/em><\/p>\n\n\n\n<p><em>Asimismo, tampoco pretende hacer publicidad de los servicios prestados por nuestra firma ni por ninguno de sus abogados. El \u00fanico prop\u00f3sito es dar informaci\u00f3n de car\u00e1cter general respecto de temas que pueden ser de inter\u00e9s para los clientes y amigos de nuestra firma. Este informativo, as\u00ed como otros informes generales y art\u00edculos de inter\u00e9s preparados por los abogados del Estudio podr\u00e1n encontrarse en nuestra p\u00e1gina web: <a href=\"http:\/\/localhost\/wordpress.pe\" target=\"_blank\" rel=\"noreferrer noopener\">www.garciasayan.com.pe<\/a><\/em><\/p>\n","protected":false},"excerpt":{"rendered":"<p>A trav\u00e9s de la Resoluci\u00f3n del Consejo Directivo N\u00ba 00006-2020-OEFA\/CD, el Organismo de Evaluaci\u00f3n y Fiscalizaci\u00f3n Ambiental dispuso la modificaci\u00f3n del Reglamento Interno del Tribunal de Fiscalizaci\u00f3n Ambiental en los siguientes extremos: Las sesiones de las Salas Especializadas o de la Sala Plena podr\u00e1n realizarse de manera virtual, \u00fanicamente cuando existan causas externas y objetivamente [&hellip;]<\/p>\n","protected":false},"author":5,"featured_media":9659,"comment_status":"closed","ping_status":"open","sticky":false,"template":"","format":"standard","meta":{"nf_dc_page":"","content-type":"","footnotes":""},"categories":[83,79],"class_list":["post-11298","post","type-post","status-publish","format-standard","has-post-thumbnail","hentry","category-covid-19","category-recursos-naturales"],"_links":{"self":[{"href":"https:\/\/gsalegal.pe\/en\/wp-json\/wp\/v2\/posts\/11298","targetHints":{"allow":["GET"]}}],"collection":[{"href":"https:\/\/gsalegal.pe\/en\/wp-json\/wp\/v2\/posts"}],"about":[{"href":"https:\/\/gsalegal.pe\/en\/wp-json\/wp\/v2\/types\/post"}],"author":[{"embeddable":true,"href":"https:\/\/gsalegal.pe\/en\/wp-json\/wp\/v2\/users\/5"}],"replies":[{"embeddable":true,"href":"https:\/\/gsalegal.pe\/en\/wp-json\/wp\/v2\/comments?post=11298"}],"version-history":[{"count":0,"href":"https:\/\/gsalegal.pe\/en\/wp-json\/wp\/v2\/posts\/11298\/revisions"}],"wp:featuredmedia":[{"embeddable":true,"href":"https:\/\/gsalegal.pe\/en\/wp-json\/"}],"wp:attachment":[{"href":"https:\/\/gsalegal.pe\/en\/wp-json\/wp\/v2\/media?parent=11298"}],"wp:term":[{"taxonomy":"category","embeddable":true,"href":"https:\/\/gsalegal.pe\/en\/wp-json\/wp\/v2\/categories?post=11298"}],"curies":[{"name":"wp","href":"https:\/\/api.w.org\/{rel}","templated":true}]}}