{"id":11299,"date":"2020-05-20T17:54:02","date_gmt":"2020-05-20T22:54:02","guid":{"rendered":"http:\/\/localhost\/wordpress\/?p=10288"},"modified":"2020-05-20T17:54:02","modified_gmt":"2020-05-20T22:54:02","slug":"prorroga-de-la-suspension-del-computo-de-los-plazos-en-los-procedimientos-administrativos-hasta-el-10-de-junio-de-2020","status":"publish","type":"post","link":"https:\/\/gsalegal.pe\/en\/prorroga-de-la-suspension-del-computo-de-los-plazos-en-los-procedimientos-administrativos-hasta-el-10-de-junio-de-2020\/","title":{"rendered":"Pr\u00f3rroga de la suspensi\u00f3n del c\u00f3mputo de los plazos en los procedimientos administrativos hasta el 10 de junio de 2020"},"content":{"rendered":"\n<p>Mediante Decreto Supremo N\u00ba 087-2020-PCM, publicado el 20 de mayo de 2020, se ha dispuesto prorrogar hasta el 10 de junio de 2020 la suspensi\u00f3n del c\u00f3mputo de los plazos de tramitaci\u00f3n de los procedimientos administrativos sujetos a silencio positivo y negativo que se encuentren en tr\u00e1mite a la entrada en vigencia del referido Decreto Supremo, regulado en el numeral 2 de la Segunda Disposici\u00f3n Complementaria Final del Decreto de Urgencia N\u00ba 026-2020, ampliado por el Decreto Supremo N\u00ba 076-2020-PCM.<\/p>\n\n\n\n<p>Asimismo, el mencionado Decreto Supremo N\u00b0 087-2020-PCM, ha dispuesto prorrogar hasta el 10 de junio de 2020 la suspensi\u00f3n del c\u00f3mputo de los plazos de inicio y tramitaci\u00f3n de los procedimientos administrativos y procedimientos de cualquier \u00edndole, incluso los regulados por leyes y disposiciones especiales previstos en el Art\u00edculo 28\u00b0 del Decreto de Urgencia N\u00ba 029-2020, ampliado por el Decreto de Urgencia N\u00b0 053-2020.<\/p>\n\n\n\n<p>Cabe resaltar, que de acuerdo a lo dispuesto en el numeral 12.2 del Art\u00edculo 12\u00b0 del referido Decreto de Urgencia N\u00ba 053-2020, las entidades p\u00fablicas est\u00e1n facultadas a aprobar mediante resoluci\u00f3n de su titular, el listado de procedimientos que no se encuentra sujeto a la suspensi\u00f3n de los plazos dispuesto en las normas legales antes se\u00f1aladas.<\/p>\n\n\n\n<hr class=\"wp-block-separator\"\/>\n\n\n\n<p class=\"has-text-align-center\">Para m\u00e1s informaci\u00f3n sobre los temas tratados contactarse con los abogados de nuestra \u00c1rea de Derecho Administrativo:<\/p>\n\n\n\n<p class=\"has-text-align-center\"><strong>Dr. Diego Calmet Mujica, Dr. Agust\u00edn Yrigoyen Gonz\u00e1lez del Riego, Dr. Carlos Mart\u00edn Ch\u00e1vez Meza y Dr. Paul Montjoy Forti.<\/strong><\/p>\n\n\n\n<hr class=\"wp-block-separator\"\/>\n\n\n\n<p><em>La informaci\u00f3n contenida en este documento no constituye ni pretende constituir asesor\u00eda o asistencia legal directa o indirecta de ninguna especie, ni establece ning\u00fan tipo de relaci\u00f3n profesional.<\/em><\/p>\n\n\n\n<p><em>Asimismo, tampoco pretende hacer publicidad de los servicios prestados por nuestra firma ni por ninguno de sus abogados. El \u00fanico prop\u00f3sito es dar informaci\u00f3n de car\u00e1cter general respecto de temas que pueden ser de inter\u00e9s para los clientes y amigos de nuestra firma. Este informativo, as\u00ed como otros informes generales y art\u00edculos de inter\u00e9s preparados por los abogados del Estudio podr\u00e1n encontrarse en nuestra p\u00e1gina web: <a href=\"http:\/\/localhost\/wordpress.pe\" target=\"_blank\" rel=\"noreferrer noopener\">www.garciasayan.com.pe<\/a><\/em><\/p>\n","protected":false},"excerpt":{"rendered":"<p>Mediante Decreto Supremo N\u00ba 087-2020-PCM, publicado el 20 de mayo de 2020, se ha dispuesto prorrogar hasta el 10 de junio de 2020 la suspensi\u00f3n del c\u00f3mputo de los plazos de tramitaci\u00f3n de los procedimientos administrativos sujetos a silencio positivo y negativo que se encuentren en tr\u00e1mite a la entrada en vigencia del referido Decreto [&hellip;]<\/p>\n","protected":false},"author":5,"featured_media":9809,"comment_status":"closed","ping_status":"open","sticky":false,"template":"","format":"standard","meta":{"nf_dc_page":"","content-type":"","footnotes":""},"categories":[81,83],"class_list":["post-11299","post","type-post","status-publish","format-standard","has-post-thumbnail","hentry","category-administrativo","category-covid-19"],"_links":{"self":[{"href":"https:\/\/gsalegal.pe\/en\/wp-json\/wp\/v2\/posts\/11299","targetHints":{"allow":["GET"]}}],"collection":[{"href":"https:\/\/gsalegal.pe\/en\/wp-json\/wp\/v2\/posts"}],"about":[{"href":"https:\/\/gsalegal.pe\/en\/wp-json\/wp\/v2\/types\/post"}],"author":[{"embeddable":true,"href":"https:\/\/gsalegal.pe\/en\/wp-json\/wp\/v2\/users\/5"}],"replies":[{"embeddable":true,"href":"https:\/\/gsalegal.pe\/en\/wp-json\/wp\/v2\/comments?post=11299"}],"version-history":[{"count":0,"href":"https:\/\/gsalegal.pe\/en\/wp-json\/wp\/v2\/posts\/11299\/revisions"}],"wp:featuredmedia":[{"embeddable":true,"href":"https:\/\/gsalegal.pe\/en\/wp-json\/"}],"wp:attachment":[{"href":"https:\/\/gsalegal.pe\/en\/wp-json\/wp\/v2\/media?parent=11299"}],"wp:term":[{"taxonomy":"category","embeddable":true,"href":"https:\/\/gsalegal.pe\/en\/wp-json\/wp\/v2\/categories?post=11299"}],"curies":[{"name":"wp","href":"https:\/\/api.w.org\/{rel}","templated":true}]}}