{"id":11301,"date":"2020-05-20T16:31:11","date_gmt":"2020-05-20T21:31:11","guid":{"rendered":"http:\/\/localhost\/wordpress\/?p=10284"},"modified":"2020-05-20T16:31:11","modified_gmt":"2020-05-20T21:31:11","slug":"poder-judicial-modifica-protocolo-de-reactivacion-y-aprueba-reglamento","status":"publish","type":"post","link":"https:\/\/gsalegal.pe\/en\/poder-judicial-modifica-protocolo-de-reactivacion-y-aprueba-reglamento\/","title":{"rendered":"Poder Judicial modifica Protocolo de reactivaci\u00f3n y aprueba Reglamento"},"content":{"rendered":"\n<p>Por Resoluci\u00f3n Administrativa N\u00b0 000146-2020-CE-PJ, del 16 de mayo de 2020, se modific\u00f3 el Protocolo \u201cMedidas de reactivaci\u00f3n de los \u00f3rganos jurisdiccionales y administrativos del Poder Judicial, posterior al levantamiento del aislamiento social obligatorio establecido por el Decreto Supremo N\u00b0 044-2020-PCM y prorrogado por los Decretos Supremos Nos. 051 y 064-2020-PCM<em>\u201d<\/em> &nbsp;(en adelante el \u201cProtocolo\u201d),y se aprob\u00f3 el Reglamento para la aplicaci\u00f3n del mismo.<\/p>\n\n\n\n<p>Respecto a la modificaci\u00f3n del Protocolo:<\/p>\n\n\n\n<ul class=\"wp-block-list\"><li>El plazo inicial de siete (7) primeros d\u00edas se\u00f1alado en los numerales 5.1 a), b) y c); 5.2., 5.3.; 5.4. a) y 5.7., se modifica a catorce (14) primeros d\u00edas.<\/li><li>La jornada laboral se\u00f1alada en el numeral 6.1. a) y b) ser\u00e1 desde 09:00 a.m. a 2:00 p.m.<\/li><\/ul>\n\n\n\n<p>Sobre el Reglamento, se precisa, entre otros aspectos, lo siguiente:<\/p>\n\n\n\n<ul class=\"wp-block-list\"><li>El plazo para la aplicaci\u00f3n y vigencia del Protocolo ser\u00e1 posterior al levantamiento del aislamiento social obligatorio establecido por el D.S N\u00b0 044-2020-PCM y sus posteriores pr\u00f3rrogas, con las consecuentes resoluciones administrativas que emita el Poder Judicial estableciendo la suspensi\u00f3n de labores y plazos administrativos correspondientes.<\/li><li>Las partes del proceso, apoderados, sus abogados y terceros, citados a audiencia o con mandato judicial, deber\u00e1n presentar al ingreso de las instalaciones del Poder Judicial, -en copia o en medios digitales, la resoluci\u00f3n judicial que lo motiva.<\/li><li>Para la presentaci\u00f3n de escritos se aplicar\u00e1 el Protocolo de Atenci\u00f3n de Mesa de Partes Electr\u00f3nica aprobado por resoluci\u00f3n administrativa.<\/li><li>De manera excepcional podr\u00e1n presentarse escritos de forma f\u00edsica en las mesas de partes de los \u00f3rganos jurisdiccionales, en el horario de 09.00 a.m. a 2.00 p.m. en aquellos casos que no puedan presentarse a trav\u00e9s de la Mesa de Partes Electr\u00f3nica, previa cita a trav\u00e9s del aplicativo que se establezca.<\/li><\/ul>\n\n\n\n<hr class=\"wp-block-separator\"\/>\n\n\n\n<p>Para mayor informaci\u00f3n sobre el tema tratado contactarse con los abogados de nuestra \u00c1rea de Litigios.<\/p>\n\n\n\n<p><strong>Javier Villa Garc\u00eda Vargas, Agust\u00edn Yrigoyen Gonz\u00e1lez del Riego, Carlos Mart\u00edn Ch\u00e1vez Meza, Ra\u00fal Aranda C\u00f3rdova, Rafael S\u00e1nchez R\u00edos<\/strong>.<\/p>\n\n\n\n<hr class=\"wp-block-separator\"\/>\n\n\n\n<p><em>La informaci\u00f3n contenida en este documento no constituye ni pretende constituir asesor\u00eda o asistencia legal directa o indirecta de ninguna especie, ni establece ning\u00fan tipo de relaci\u00f3n profesional. <\/em><\/p>\n\n\n\n<p><em>Asimismo, tampoco pretende hacer publicidad de los servicios prestados por nuestra firma ni por ninguno de sus abogados. El \u00fanico prop\u00f3sito es dar informaci\u00f3n de car\u00e1cter general respecto de temas que pueden ser de inter\u00e9s para los clientes y amigos de nuestra firma. Este\u00a0 informativo as\u00ed como otros informes generales y art\u00edculos de inter\u00e9s preparados por los abogados del Estudio podr\u00e1n encontrarse en nuestra p\u00e1gina web: <a href=\"http:\/\/www.gsalegal.pe\">www.gsalegal.pe<\/a><\/em><\/p>\n","protected":false},"excerpt":{"rendered":"<p>Por Resoluci\u00f3n Administrativa N\u00b0 000146-2020-CE-PJ, del 16 de mayo de 2020, se modific\u00f3 el Protocolo \u201cMedidas de reactivaci\u00f3n de los \u00f3rganos jurisdiccionales y administrativos del Poder Judicial, posterior al levantamiento del aislamiento social obligatorio establecido por el Decreto Supremo N\u00b0 044-2020-PCM y prorrogado por los Decretos Supremos Nos. 051 y 064-2020-PCM\u201d &nbsp;(en adelante el \u201cProtocolo\u201d),y [&hellip;]<\/p>\n","protected":false},"author":5,"featured_media":11056,"comment_status":"open","ping_status":"open","sticky":false,"template":"","format":"standard","meta":{"nf_dc_page":"","content-type":"","footnotes":""},"categories":[83,84],"class_list":["post-11301","post","type-post","status-publish","format-standard","has-post-thumbnail","hentry","category-covid-19","category-litigio"],"_links":{"self":[{"href":"https:\/\/gsalegal.pe\/en\/wp-json\/wp\/v2\/posts\/11301","targetHints":{"allow":["GET"]}}],"collection":[{"href":"https:\/\/gsalegal.pe\/en\/wp-json\/wp\/v2\/posts"}],"about":[{"href":"https:\/\/gsalegal.pe\/en\/wp-json\/wp\/v2\/types\/post"}],"author":[{"embeddable":true,"href":"https:\/\/gsalegal.pe\/en\/wp-json\/wp\/v2\/users\/5"}],"replies":[{"embeddable":true,"href":"https:\/\/gsalegal.pe\/en\/wp-json\/wp\/v2\/comments?post=11301"}],"version-history":[{"count":0,"href":"https:\/\/gsalegal.pe\/en\/wp-json\/wp\/v2\/posts\/11301\/revisions"}],"wp:featuredmedia":[{"embeddable":true,"href":"https:\/\/gsalegal.pe\/en\/wp-json\/"}],"wp:attachment":[{"href":"https:\/\/gsalegal.pe\/en\/wp-json\/wp\/v2\/media?parent=11301"}],"wp:term":[{"taxonomy":"category","embeddable":true,"href":"https:\/\/gsalegal.pe\/en\/wp-json\/wp\/v2\/categories?post=11301"}],"curies":[{"name":"wp","href":"https:\/\/api.w.org\/{rel}","templated":true}]}}