{"id":11303,"date":"2020-05-19T14:54:26","date_gmt":"2020-05-19T19:54:26","guid":{"rendered":"http:\/\/localhost\/wordpress\/?p=10278"},"modified":"2020-05-19T14:54:26","modified_gmt":"2020-05-19T19:54:26","slug":"tecnologia-de-la-informacion-criterios-de-focalizacion-territorial-y-obligatoriedad-de-reportar-incidencias","status":"publish","type":"post","link":"https:\/\/gsalegal.pe\/en\/tecnologia-de-la-informacion-criterios-de-focalizacion-territorial-y-obligatoriedad-de-reportar-incidencias\/","title":{"rendered":"Tecnolog\u00eda de la Informaci\u00f3n: Criterios de Focalizaci\u00f3n territorial y obligatoriedad de reportar incidencias"},"content":{"rendered":"\n<p>La Resoluci\u00f3n Ministerial N\u00ba161-2020-PRODUCE aprob\u00f3 los criterios de focalizaci\u00f3n territorial a ser aplicados en la reanudaci\u00f3n de actividades del Sector Producci\u00f3n en materia de servicios prestados a empresas (soporte y servicios profesionales de tecnolog\u00eda de la informaci\u00f3n).<\/p>\n\n\n\n<figure class=\"wp-block-table\"><table><tbody><tr><td class=\"has-text-align-center\" data-align=\"center\"><strong>&nbsp;<\/strong> <strong>Criterios de Focalizaci\u00f3n Territorial<\/strong><strong><\/strong> &nbsp;<\/td><td>Los criterios son los siguientes: <br>&#8211; Tener la condici\u00f3n de empresa formal inscrita en la Sunarp y contar con licencia de funcionamiento. <br>&#8211; Contar con RUC activo y habido <br>&#8211; Contar con m\u00e1s de cinco (5) trabajadores en planilla. <br>Reportar a PRODUCE la existencia de sospecha o confirmaci\u00f3n de alg\u00fan infectado por COVID-19.<\/td><\/tr><tr><td class=\"has-text-align-center\" data-align=\"center\"><strong>Reanudaci\u00f3n de actividades <\/strong><strong><\/strong><\/td><td>Para la reanudaci\u00f3n de actividades el procedimiento es el siguiente: <br>&#8211; El \u00a0Despacho Viceministerial de MYPE e Industria est\u00e1 a cargo de la aprobaci\u00f3n sectorial de reanudaci\u00f3n de actividades. Dicha aprobaci\u00f3n debe ser emitida en un plazo de un (1) d\u00eda calendario contado a partir de la presentaci\u00f3n de la solicitud.<br>&#8211; Previo al reinicio de actividades, las entidades, empresas, personas naturales o jur\u00eddicas deben observar los Lineamientos aprobados por la R.M N\u00ba239-2020-MINSA y deben proceder a realizar el registro en el Sistema Integrado para Covid-19 en siguiente link: <a href=\"https:\/\/siscovid.minsa.gob.pe\/login\" target=\"_blank\" rel=\"noopener\">https:\/\/siscovid.minsa.gob.pe\/login<\/a>.<br>&#8211; El inicio de las actividades se realizar\u00e1 a la fecha siguiente de efectuado el registro.<\/td><\/tr><\/tbody><\/table><\/figure>\n\n\n\n<hr class=\"wp-block-separator\"\/>\n\n\n\n<p class=\"has-text-align-center\">Para mayor informaci\u00f3n sobre el tema tratado contactarse con los abogados de nuestra \u00c1rea Laboral: <\/p>\n\n\n\n<p class=\"has-text-align-center\">Alberto Varillas Cueto, Jaime Durand Planas, Macarena Morales Mailhe, Claudia Seminario G\u00f3mez, Fressia Sanchez Tu\u00f1oque, Sara Kalinicos Garc\u00eda, Jos\u00e9 Andr\u00e9s Piedra Pereira; y Grecia Elena Aldonate Pinto.<\/p>\n\n\n\n<hr class=\"wp-block-separator\"\/>\n\n\n\n<p><em>La informaci\u00f3n contenida en este documento no constituye ni pretende constituir asesor\u00eda o asistencia legal directa o indirecta de ninguna especie, ni establece ning\u00fan tipo de relaci\u00f3n profesional. <\/em><\/p>\n\n\n\n<p><em>Asimismo, tampoco pretende hacer publicidad de los servicios prestados por nuestra firma ni por ninguno de sus abogados. El \u00fanico prop\u00f3sito es dar informaci\u00f3n de car\u00e1cter general respecto de temas que pueden ser de inter\u00e9s para los clientes y amigos de nuestra firma. Este informativo, as\u00ed como otros informes generales y art\u00edculos de inter\u00e9s preparados por los abogados del Estudio podr\u00e1n encontrarse en nuestra p\u00e1gina web: <a href=\"http:\/\/localhost\/wordpress.pe\" target=\"_blank\" rel=\"noreferrer noopener\">www.garciasayan.com.pe<\/a><\/em><\/p>\n","protected":false},"excerpt":{"rendered":"<p>La Resoluci\u00f3n Ministerial N\u00ba161-2020-PRODUCE aprob\u00f3 los criterios de focalizaci\u00f3n territorial a ser aplicados en la reanudaci\u00f3n de actividades del Sector Producci\u00f3n en materia de servicios prestados a empresas (soporte y servicios profesionales de tecnolog\u00eda de la informaci\u00f3n). &nbsp; Criterios de Focalizaci\u00f3n Territorial &nbsp; Los criterios son los siguientes: &#8211; Tener la condici\u00f3n de empresa formal [&hellip;]<\/p>\n","protected":false},"author":5,"featured_media":11304,"comment_status":"closed","ping_status":"open","sticky":false,"template":"","format":"standard","meta":{"nf_dc_page":"","content-type":"","footnotes":""},"categories":[83,37],"class_list":["post-11303","post","type-post","status-publish","format-standard","has-post-thumbnail","hentry","category-covid-19","category-laboral"],"_links":{"self":[{"href":"https:\/\/gsalegal.pe\/en\/wp-json\/wp\/v2\/posts\/11303","targetHints":{"allow":["GET"]}}],"collection":[{"href":"https:\/\/gsalegal.pe\/en\/wp-json\/wp\/v2\/posts"}],"about":[{"href":"https:\/\/gsalegal.pe\/en\/wp-json\/wp\/v2\/types\/post"}],"author":[{"embeddable":true,"href":"https:\/\/gsalegal.pe\/en\/wp-json\/wp\/v2\/users\/5"}],"replies":[{"embeddable":true,"href":"https:\/\/gsalegal.pe\/en\/wp-json\/wp\/v2\/comments?post=11303"}],"version-history":[{"count":0,"href":"https:\/\/gsalegal.pe\/en\/wp-json\/wp\/v2\/posts\/11303\/revisions"}],"wp:featuredmedia":[{"embeddable":true,"href":"https:\/\/gsalegal.pe\/en\/wp-json\/"}],"wp:attachment":[{"href":"https:\/\/gsalegal.pe\/en\/wp-json\/wp\/v2\/media?parent=11303"}],"wp:term":[{"taxonomy":"category","embeddable":true,"href":"https:\/\/gsalegal.pe\/en\/wp-json\/wp\/v2\/categories?post=11303"}],"curies":[{"name":"wp","href":"https:\/\/api.w.org\/{rel}","templated":true}]}}