{"id":11315,"date":"2020-05-16T17:27:00","date_gmt":"2020-05-16T22:27:00","guid":{"rendered":"http:\/\/localhost\/wordpress\/?p=10259"},"modified":"2020-05-16T17:27:00","modified_gmt":"2020-05-16T22:27:00","slug":"senace-aprueba-listado-de-procedimientos-exceptuados-de-la-suspension-del-computo-de-plazos","status":"publish","type":"post","link":"https:\/\/gsalegal.pe\/en\/senace-aprueba-listado-de-procedimientos-exceptuados-de-la-suspension-del-computo-de-plazos\/","title":{"rendered":"SENACE aprueba listado de procedimientos exceptuados de la suspensi\u00f3n del c\u00f3mputo de plazos"},"content":{"rendered":"\n<p>Mediante Decreto de Urgencia N\u00b0 026-2020 (\u201cDU 026\u201d), publicado el 15 de marzo de 2020, y Decreto de Urgencia N\u00b0 029-2020 (\u201cDU 029\u201d), publicado el 20 de marzo de 2020, se suspendi\u00f3 el c\u00f3mputo de los plazos de tramitaci\u00f3n de los procedimientos administrativos sujetos a silencio positivo y negativo que se encuentren en tr\u00e1mite y el c\u00f3mputo de los plazos de inicio de tramitaci\u00f3n de los procedimientos administrativos y procedimientos de cualquier \u00edndole, ambos, por treinta (30) d\u00edas h\u00e1biles, contados a partir del d\u00eda siguiente de la publicaci\u00f3n de cada decreto mencionado.<\/p>\n\n\n\n<p>Asimismo, mediante Decreto Supremo N\u00b0 076-2020-PCM (publicado el 28 de abril de 2020) y Decreto de Urgencia N\u00b0 053-2020 (publicado el 5 de mayo de 2020) se prorrog\u00f3 la suspensi\u00f3n del c\u00f3mputo de los plazos de tramitaci\u00f3n de los procedimientos antes mencionados, por quince (15) d\u00edas h\u00e1biles, contados a partir del d\u00eda siguiente de la publicaci\u00f3n de cada decreto.<\/p>\n\n\n\n<p>En ese sentido, con el fin de dar continuidad operativa institucional, el SENACE aprob\u00f3 un listado de procedimientos exceptuados a la suspensi\u00f3n de plazos establecidos en el DU 026 y DU 029, e implement\u00f3 un correo como canal de recepci\u00f3n documentaria: <a href=\"mailto:mesadepartesdigital@senace.gob.pe\">mesadepartesdigital@senace.gob.pe<\/a>. Dichos procedimientos son:<\/p>\n\n\n\n<ol class=\"wp-block-list\" type=\"1\"><li>Acceso a la informaci\u00f3n que posea o produzca la entidad.<\/li><li>Inscripci\u00f3n en el Registro Nacional de Consultoras Ambientales.<\/li><li>Modificaci\u00f3n de inscripci\u00f3n en el\u00a0 Registro Nacional de Consultoras Ambientales.<\/li><li>Clasificaci\u00f3n de Estudios Ambientales.<\/li><li>Evaluaci\u00f3n y aprobaci\u00f3n del Plan de Participaci\u00f3n Ciudadana \u2013 PPC previo a la presentaci\u00f3n del EIA-D.<\/li><li>Evaluaci\u00f3n del Estudio de Impacto Ambiental Detallado EIA-d.<\/li><li>Evaluaci\u00f3n de EIA-d, en el marco de la Certificaci\u00f3n Ambiental Global &#8211;\u00a0 IntegrAmbiente.<\/li><li>Modificaci\u00f3n del Estudio de Impacto Ambiental Detallado-d.<\/li><li>Evaluaci\u00f3n y aprobaci\u00f3n del Informe T\u00e9cnico Sustentatorio \u2013 ITS.<\/li><li>Aprobaci\u00f3n del Estudio de Impacto Ambiental Detallado (EIA-D) para infraestructuras de residuos s\u00f3lidos municipales.<\/li><li>Evaluaci\u00f3n de Instrumento de Gesti\u00f3n Ambiental para las Intervenciones de Construcci\u00f3n \u2013IGAPRO.<\/li><li>Evaluaci\u00f3n del Estudio de\u00a0 Impacto Ambiental Semidetallado (EIA-sd) para el subsector residuos s\u00f3lidos y de su modificaci\u00f3n.<\/li><li>Modificaci\u00f3n del\u00a0 Plan de Participaci\u00f3n Ciudadana \u2013 PPC.<\/li><li>Contrataci\u00f3n de profesionales de la n\u00f3mina de especialistas.<\/li><li>Expedici\u00f3n de copias de los documentos contenido en los expediente de los procedimientos administrativos.<\/li><\/ol>\n\n\n\n<p>El c\u00f3mputo de los plazos de inicio y tramitaci\u00f3n de los procedimientos antes se\u00f1alados se reanudar\u00e1n a partir del d\u00eda siguiente de publicada la Resoluci\u00f3n en referencia.<\/p>\n\n\n\n<p>En el siguiente enlace podr\u00e1n ingresar a la Resoluci\u00f3n en referencia: <a href=\"https:\/\/garciasayan-my.sharepoint.com\/:b:\/g\/personal\/mcuadros_gsalegal_pe\/EZlUCA1smmJGotn4ztdNg64BRI6dShey42h-_gPJv1763A?e=tFCbaz\" target=\"_blank\" rel=\"noopener\">https:\/\/garciasayan-my.sharepoint.com\/:b:\/g\/personal\/mcuadros_gsalegal_pe\/EZlUCA1smmJGotn4ztdNg64BRI6dShey42h-_gPJv1763A?e=tFCbaz<\/a><\/p>\n\n\n\n<hr class=\"wp-block-separator\"\/>\n\n\n\n<p class=\"has-text-align-center\">Para m\u00e1s informaci\u00f3n sobre los temas tratados contactarse con los abogados de nuestra \u00c1rea de Recursos Naturales y Medio Ambiente:<\/p>\n\n\n\n<p class=\"has-text-align-center\">Jos\u00e9 Miguel Morales Dasso, Alberto Varillas Cueto, Edgardo Portaro van Oordt, Felipe Del \u00c1guila, Samantha Boy Roca y Jos\u00e9 Castillo.<\/p>\n\n\n\n<hr class=\"wp-block-separator\"\/>\n\n\n\n<p><em>La informaci\u00f3n contenida en este documento no constituye ni pretende constituir asesor\u00eda o asistencia legal directa o indirecta de ninguna especie, ni establece ning\u00fan tipo de relaci\u00f3n profesional.<\/em><\/p>\n\n\n\n<p><em>Asimismo, tampoco pretende hacer publicidad de los servicios prestados por nuestra firma ni por ninguno de sus abogados. El \u00fanico prop\u00f3sito es dar informaci\u00f3n de car\u00e1cter general respecto de temas que pueden ser de inter\u00e9s para los clientes y amigos de nuestra firma. Este informativo, as\u00ed como otros informes generales y art\u00edculos de inter\u00e9s preparados por los abogados del Estudio podr\u00e1n encontrarse en nuestra p\u00e1gina web: <a href=\"http:\/\/localhost\/wordpress.pe\" target=\"_blank\" rel=\"noreferrer noopener\">www.garciasayan.com.pe<\/a><\/em><\/p>\n","protected":false},"excerpt":{"rendered":"<p>Mediante Decreto de Urgencia N\u00b0 026-2020 (\u201cDU 026\u201d), publicado el 15 de marzo de 2020, y Decreto de Urgencia N\u00b0 029-2020 (\u201cDU 029\u201d), publicado el 20 de marzo de 2020, se suspendi\u00f3 el c\u00f3mputo de los plazos de tramitaci\u00f3n de los procedimientos administrativos sujetos a silencio positivo y negativo que se encuentren en tr\u00e1mite y [&hellip;]<\/p>\n","protected":false},"author":5,"featured_media":11276,"comment_status":"closed","ping_status":"open","sticky":false,"template":"","format":"standard","meta":{"nf_dc_page":"","content-type":"","footnotes":""},"categories":[83,79],"class_list":["post-11315","post","type-post","status-publish","format-standard","has-post-thumbnail","hentry","category-covid-19","category-recursos-naturales"],"_links":{"self":[{"href":"https:\/\/gsalegal.pe\/en\/wp-json\/wp\/v2\/posts\/11315","targetHints":{"allow":["GET"]}}],"collection":[{"href":"https:\/\/gsalegal.pe\/en\/wp-json\/wp\/v2\/posts"}],"about":[{"href":"https:\/\/gsalegal.pe\/en\/wp-json\/wp\/v2\/types\/post"}],"author":[{"embeddable":true,"href":"https:\/\/gsalegal.pe\/en\/wp-json\/wp\/v2\/users\/5"}],"replies":[{"embeddable":true,"href":"https:\/\/gsalegal.pe\/en\/wp-json\/wp\/v2\/comments?post=11315"}],"version-history":[{"count":0,"href":"https:\/\/gsalegal.pe\/en\/wp-json\/wp\/v2\/posts\/11315\/revisions"}],"wp:featuredmedia":[{"embeddable":true,"href":"https:\/\/gsalegal.pe\/en\/wp-json\/"}],"wp:attachment":[{"href":"https:\/\/gsalegal.pe\/en\/wp-json\/wp\/v2\/media?parent=11315"}],"wp:term":[{"taxonomy":"category","embeddable":true,"href":"https:\/\/gsalegal.pe\/en\/wp-json\/wp\/v2\/categories?post=11315"}],"curies":[{"name":"wp","href":"https:\/\/api.w.org\/{rel}","templated":true}]}}