{"id":11323,"date":"2020-05-15T16:48:15","date_gmt":"2020-05-15T21:48:15","guid":{"rendered":"http:\/\/localhost\/wordpress\/?p=10242"},"modified":"2020-05-15T16:48:15","modified_gmt":"2020-05-15T21:48:15","slug":"empresas-listadas-podran-celebrar-juntas-de-accionistas-y-asambleas-de-obligacionistas-no-presenciales-o-virtuales","status":"publish","type":"post","link":"https:\/\/gsalegal.pe\/en\/empresas-listadas-podran-celebrar-juntas-de-accionistas-y-asambleas-de-obligacionistas-no-presenciales-o-virtuales\/","title":{"rendered":"Empresas listadas podr\u00e1n celebrar juntas de accionistas y asambleas de obligacionistas no presenciales o virtuales"},"content":{"rendered":"\n<p>A trav\u00e9s del Decreto de Urgencia N\u00b0056-2020 publicado el d\u00eda de hoy, se autoriza a las empresas bajo la supervisi\u00f3n de la Superintendencia del Mercado de Valores \u2013 SMV para convocar y celebrar juntas de accionistas y asambleas de obligacionistas no presenciales o virtuales, de acuerdo a lo se\u00f1alado a continuaci\u00f3n:<\/p>\n\n\n\n<ol class=\"wp-block-list\" type=\"1\"><li><strong>Juntas Generales o Especiales de Accionistas: <\/strong>Podr\u00e1n celebrarse de manera no presencial o virtual mediante el uso de medios tecnol\u00f3gicos o telem\u00e1ticos y de comunicaciones, aun cuando no contemplen dicha modalidad en su estatuto. De igual forma, sus directorios podr\u00e1n sesionar de manera no presencial o virtual con la finalidad de convocar las juntas de accionistas.<\/li><li><strong>Asambleas de Obligacionistas: <\/strong>Podr\u00e1n celebrarse de forma no presencial o virtual, debiendo ser convocadas por el directorio de las sociedades emisoras de valores de oferta p\u00fablica o, en su defecto, por el representante de los obligacionistas de dichas emisiones.<\/li><\/ol>\n\n\n\n<p>La SMV podr\u00e1 emitir normas complementarias a fin de determinar: (i) el plazo de antelaci\u00f3n con el que debe realizarse la convocatoria, (ii) los t\u00e9rminos e informaci\u00f3n que la misma debe contener y los medios en que debe difundirse, (iii) la determinaci\u00f3n de los asuntos de competencia de las juntas que pueden tratarse en una sesi\u00f3n no presencial o virtual y para las sociedades an\u00f3nimas abiertas, y (iv) otros aspectos necesarios que permitan la adecuada aplicaci\u00f3n de la norma.<\/p>\n\n\n\n<p>Lo anteriormente se\u00f1alado ser\u00e1 aplicable durante la vigencia del Estado de Emergencia y hasta 90 d\u00edas despu\u00e9s de su culminaci\u00f3n.<\/p>\n\n\n\n<hr class=\"wp-block-separator\"\/>\n\n\n\n<p class=\"has-text-align-center\">Para mayor informaci\u00f3n sobre el tema tratado contactarse con los abogados del Estudio: <\/p>\n\n\n\n<p class=\"has-text-align-center\">Dr. Luis Gasta\u00f1eta, Dra. Shirley C\u00e1rdenas, Dr. Alfonso Tola, Dra. Mar\u00eda Soledad Gasta\u00f1eta y el Dr. Sergio Chang.<\/p>\n\n\n\n<hr class=\"wp-block-separator\"\/>\n\n\n\n<p><em>La informaci\u00f3n contenida en este documento no constituye ni pretende constituir asesor\u00eda o asistencia legal directa o indirecta de ninguna especie, ni establece ning\u00fan tipo de relaci\u00f3n profesional.<\/em><\/p>\n\n\n\n<p><em>Asimismo, tampoco pretende hacer publicidad de los servicios prestados por nuestra firma ni por ninguno de sus abogados. El \u00fanico prop\u00f3sito es dar informaci\u00f3n de car\u00e1cter general respecto de temas que pueden ser de inter\u00e9s para los clientes y amigos de nuestra firma. Este informativo, as\u00ed como otros informes generales y art\u00edculos de inter\u00e9s preparados por los abogados del Estudio, podr\u00e1n encontrarse en nuestra p\u00e1gina web: <a href=\"http:\/\/localhost\/wordpress.pe\" target=\"_blank\" rel=\"noreferrer noopener\">www.garciasayan.com.pe<\/a><\/em><\/p>\n","protected":false},"excerpt":{"rendered":"<p>A trav\u00e9s del Decreto de Urgencia N\u00b0056-2020 publicado el d\u00eda de hoy, se autoriza a las empresas bajo la supervisi\u00f3n de la Superintendencia del Mercado de Valores \u2013 SMV para convocar y celebrar juntas de accionistas y asambleas de obligacionistas no presenciales o virtuales, de acuerdo a lo se\u00f1alado a continuaci\u00f3n: Juntas Generales o Especiales [&hellip;]<\/p>\n","protected":false},"author":5,"featured_media":11324,"comment_status":"closed","ping_status":"open","sticky":false,"template":"","format":"standard","meta":{"nf_dc_page":"","content-type":"","footnotes":""},"categories":[76,83],"class_list":["post-11323","post","type-post","status-publish","format-standard","has-post-thumbnail","hentry","category-corporativo","category-covid-19"],"_links":{"self":[{"href":"https:\/\/gsalegal.pe\/en\/wp-json\/wp\/v2\/posts\/11323","targetHints":{"allow":["GET"]}}],"collection":[{"href":"https:\/\/gsalegal.pe\/en\/wp-json\/wp\/v2\/posts"}],"about":[{"href":"https:\/\/gsalegal.pe\/en\/wp-json\/wp\/v2\/types\/post"}],"author":[{"embeddable":true,"href":"https:\/\/gsalegal.pe\/en\/wp-json\/wp\/v2\/users\/5"}],"replies":[{"embeddable":true,"href":"https:\/\/gsalegal.pe\/en\/wp-json\/wp\/v2\/comments?post=11323"}],"version-history":[{"count":0,"href":"https:\/\/gsalegal.pe\/en\/wp-json\/wp\/v2\/posts\/11323\/revisions"}],"wp:featuredmedia":[{"embeddable":true,"href":"https:\/\/gsalegal.pe\/en\/wp-json\/"}],"wp:attachment":[{"href":"https:\/\/gsalegal.pe\/en\/wp-json\/wp\/v2\/media?parent=11323"}],"wp:term":[{"taxonomy":"category","embeddable":true,"href":"https:\/\/gsalegal.pe\/en\/wp-json\/wp\/v2\/categories?post=11323"}],"curies":[{"name":"wp","href":"https:\/\/api.w.org\/{rel}","templated":true}]}}