{"id":11327,"date":"2020-05-14T16:38:25","date_gmt":"2020-05-14T21:38:25","guid":{"rendered":"http:\/\/localhost\/wordpress\/?p=10234"},"modified":"2020-05-14T16:38:25","modified_gmt":"2020-05-14T21:38:25","slug":"grupo-de-riesgo-modifican-los-lineamientos-para-la-vigilancia-prevencion-y-control-de-la-salud-de-los-trabajadores-con-riesgo-de-exposicion-a-covid-19","status":"publish","type":"post","link":"https:\/\/gsalegal.pe\/en\/grupo-de-riesgo-modifican-los-lineamientos-para-la-vigilancia-prevencion-y-control-de-la-salud-de-los-trabajadores-con-riesgo-de-exposicion-a-covid-19\/","title":{"rendered":"Grupo de Riesgo: Modifican los Lineamientos para la Vigilancia, Prevenci\u00f3n y Control de la Salud de los Trabajadores con riesgo de Exposici\u00f3n a COVID-19"},"content":{"rendered":"\n<p>El 13 de mayo de 2020, se public\u00f3 la Resoluci\u00f3n Ministerial 283-2020-MINSA la misma que modifica el Documento T\u00e9cnico denominado \u201cLineamientos para la Vigilancia, Prevenci\u00f3n y Control de la Salud de los Trabajadores con riesgo de Exposici\u00f3n a COVID-19\u201d estableciendo lo siguiente:<\/p>\n\n\n\n<figure class=\"wp-block-table\"><table><tbody><tr><td class=\"has-text-align-center\" data-align=\"center\"><strong>Grupo de Riesgo<\/strong><\/td><td>Se modific\u00f3 el conjunto de trabajadores considerados como Grupo de Riesgo, quedando considerados dentro de dicho de grupo las personas mayores de 65 a\u00f1os o quienes padezcan de hipertensi\u00f3n arterial, diabetes mellitus, enfermedades cardiovasculares, asma, enfermedad pulmonar cr\u00f3nica, insuficiencia renal cr\u00f3nica, c\u00e1ncer, obesidad u otros estados de inmunosupresi\u00f3n. <br>As\u00ed, los trabajadores que deben cumplir con la cuarentena domiciliaria deben presentar los siguientes factores:<br>&#8211; Edad mayor de 65 a\u00f1os.<br>&#8211; Hipertensi\u00f3n arterial no controlada.<br>&#8211; Enfermedades cardiovasculares graves.<br>&#8211; C\u00e1ncer.<br>&#8211; Diabetes Mellitus.<br>&#8211; Asma moderada o grave.<br>&#8211; Enfermedad pulmonar cr\u00f3nica.<br>&#8211; Insuficiencia renal cr\u00f3nica en tratamiento de hemodi\u00e1lisis.<br>&#8211; Enfermedad o tratamiento inmunosupresor. <br>&#8211; Obesidad con IMC a 40 o m\u00e1s.<\/td><\/tr><tr><td class=\"has-text-align-center\" data-align=\"center\"><strong>Sistema de Gesti\u00f3n de Seguridad y Salud en el Trabajo<\/strong><\/td><td>Los empleadores que no cuenten con el sistema de gesti\u00f3n de seguridad y salud en el trabajo implementado pueden optar por aplicar el Anexo 1\u00b0 de la Resoluci\u00f3n Ministerial 239-2020-MINSA, referido a los profesionales de salud del servicio de seguridad y salud en el trabajo seg\u00fan el tama\u00f1o del centro de trabajo.<\/td><\/tr><\/tbody><\/table><\/figure>\n\n\n\n<hr class=\"wp-block-separator\"\/>\n\n\n\n<p class=\"has-text-align-center\">Para mayor informaci\u00f3n sobre el tema tratado contactarse con los abogados de nuestra \u00c1rea Laboral: <\/p>\n\n\n\n<p class=\"has-text-align-center\">Alberto Varillas Cueto, Jaime Durand Planas, Macarena Morales Mailhe, Claudia Seminario G\u00f3mez, Sara Kalinicos Garc\u00eda, Jos\u00e9 Andr\u00e9s Piedra Pereira, Fressia Sanchez Tu\u00f1oque; y Grecia Elena Aldonate Pinto.<\/p>\n\n\n\n<hr class=\"wp-block-separator\"\/>\n\n\n\n<p><em>La informaci\u00f3n contenida en este documento no constituye ni pretende constituir asesor\u00eda o asistencia legal directa o indirecta de ninguna especie, ni establece ning\u00fan tipo de relaci\u00f3n profesional. <\/em><\/p>\n\n\n\n<p><em>Asimismo, tampoco pretende hacer publicidad de los servicios prestados por nuestra firma ni por ninguno de sus abogados. El \u00fanico prop\u00f3sito es dar informaci\u00f3n de car\u00e1cter general respecto de temas que pueden ser de inter\u00e9s para los clientes y amigos de nuestra firma. Este informativo, as\u00ed como otros informes generales y art\u00edculos de inter\u00e9s preparados por los abogados del Estudio podr\u00e1n encontrarse en nuestra p\u00e1gina web: <a href=\"http:\/\/localhost\/wordpress.pe\" target=\"_blank\" rel=\"noopener\">www.garciasayan.com.pe<\/a><\/em><\/p>\n","protected":false},"excerpt":{"rendered":"<p>El 13 de mayo de 2020, se public\u00f3 la Resoluci\u00f3n Ministerial 283-2020-MINSA la misma que modifica el Documento T\u00e9cnico denominado \u201cLineamientos para la Vigilancia, Prevenci\u00f3n y Control de la Salud de los Trabajadores con riesgo de Exposici\u00f3n a COVID-19\u201d estableciendo lo siguiente: Grupo de Riesgo Se modific\u00f3 el conjunto de trabajadores considerados como Grupo de [&hellip;]<\/p>\n","protected":false},"author":5,"featured_media":11093,"comment_status":"closed","ping_status":"open","sticky":false,"template":"","format":"standard","meta":{"nf_dc_page":"","content-type":"","footnotes":""},"categories":[83,37],"class_list":["post-11327","post","type-post","status-publish","format-standard","has-post-thumbnail","hentry","category-covid-19","category-laboral"],"_links":{"self":[{"href":"https:\/\/gsalegal.pe\/en\/wp-json\/wp\/v2\/posts\/11327","targetHints":{"allow":["GET"]}}],"collection":[{"href":"https:\/\/gsalegal.pe\/en\/wp-json\/wp\/v2\/posts"}],"about":[{"href":"https:\/\/gsalegal.pe\/en\/wp-json\/wp\/v2\/types\/post"}],"author":[{"embeddable":true,"href":"https:\/\/gsalegal.pe\/en\/wp-json\/wp\/v2\/users\/5"}],"replies":[{"embeddable":true,"href":"https:\/\/gsalegal.pe\/en\/wp-json\/wp\/v2\/comments?post=11327"}],"version-history":[{"count":0,"href":"https:\/\/gsalegal.pe\/en\/wp-json\/wp\/v2\/posts\/11327\/revisions"}],"wp:featuredmedia":[{"embeddable":true,"href":"https:\/\/gsalegal.pe\/en\/wp-json\/"}],"wp:attachment":[{"href":"https:\/\/gsalegal.pe\/en\/wp-json\/wp\/v2\/media?parent=11327"}],"wp:term":[{"taxonomy":"category","embeddable":true,"href":"https:\/\/gsalegal.pe\/en\/wp-json\/wp\/v2\/categories?post=11327"}],"curies":[{"name":"wp","href":"https:\/\/api.w.org\/{rel}","templated":true}]}}