{"id":11330,"date":"2020-05-13T15:16:43","date_gmt":"2020-05-13T20:16:43","guid":{"rendered":"http:\/\/localhost\/wordpress\/?p=10225"},"modified":"2020-05-13T15:16:43","modified_gmt":"2020-05-13T20:16:43","slug":"subsectores-mineria-hidrocarburos-y-electricidad-modifican-protocolo-sanitario","status":"publish","type":"post","link":"https:\/\/gsalegal.pe\/en\/subsectores-mineria-hidrocarburos-y-electricidad-modifican-protocolo-sanitario\/","title":{"rendered":"Subsectores Miner\u00eda, Hidrocarburos y Electricidad: Modifican Protocolo Sanitario"},"content":{"rendered":"\n<p>El 12 de mayo de 2020, mediante Resoluci\u00f3n Ministerial 135-2020-MINEM-DM, se modific\u00f3 el Protocolo Sanitario de las actividades de los sub sectores de Miner\u00eda, Hidrocarburos y Electricidad, estableciendo lo siguiente:<\/p>\n\n\n\n<figure class=\"wp-block-table\"><table><tbody><tr><td class=\"has-text-align-center\" data-align=\"center\"><strong>Grupo de Riesgo<\/strong><\/td><td><strong>Nueva definici\u00f3n:<\/strong> Personas mayores de 65 a\u00f1os, quienes padezcan de diabetes mellitus, asma, insuficiencia renal cr\u00f3nica, obesidad (IMC 40 o m\u00e1s) u otros que establezca la autoridad nacional de salud. <br><strong>Trabajo: <\/strong>Se debe priorizar el trabajo remoto. <br><strong>Declaraci\u00f3n Jurada: <\/strong>Si el personal de riesgo desea acudir a prestar servicios, deber\u00e1 suscribir una declaraci\u00f3n jurada de asunci\u00f3n de responsabilidad voluntaria.<\/td><\/tr><tr><td class=\"has-text-align-center\" data-align=\"center\"><strong>Responsable de Seguridad y Salud de los trabajadores<\/strong><strong><\/strong><\/td><td><strong>Nueva definici\u00f3n: <\/strong>Profesional de la salud u otros del Servicio de SST que tiene entre sus funciones prevenir, vigilar y controlar el riesgo de COVID-19 conforme a la Ley de Seguridad y Salud en el Trabajo y su reglamento.<\/td><\/tr><tr><td class=\"has-text-align-center\" data-align=\"center\"><strong>Medidas de prevenci\u00f3n y control ante el riesgo de propagaci\u00f3n del COVID-19<\/strong><strong><\/strong><\/td><td>El Plan para la Vigilancia, Prevenci\u00f3n y Control del COVID-19 en el Trabajo deber\u00e1 ser elaborado conforme a la Resoluci\u00f3n Ministerial 239-2020-MINSA y 265-2020-MINSA, y remitido al Vice Ministerio que corresponda en el MINEM para su verificaci\u00f3n. Posteriormente se env\u00eda al MINSA (Sicovid).<br>Cuando un trabajador se positivo al COVID-19, se debe realizar el seguimiento correspondiente hasta el alta epidemiol\u00f3gica. Durante la Emergencia Sanitaria el seguimiento es realizado por el personal del servicio de seguridad y salud en el trabajo. El primer d\u00eda de seguimiento se realiza mediante una visita domiciliaria, los siguientes pueden ser realizados v\u00eda llamadas telef\u00f3nicas hasta completar los catorce (14) d\u00edas. Durante la Emergencia Sanitaria, las empresas que realicen el tamizaje a sus trabajadores con insumos directamente adquiridos deben solicitar a la autoridad competente ser parte de la Red Nacional de Epidemiolog\u00eda en calidad de unidad informante o unidad notificante. <br>Se habilita a las empresas a realizar pruebas serol\u00f3gicas a su personal, no pudiendo comercializar dichas pruebas, ni brindar servicios a terceros por este concepto. Los resultados de las pruebas deben registrarse en el SICOVID-19.<\/td><\/tr><\/tbody><\/table><\/figure>\n\n\n\n<p>Cabe se\u00f1alar que, la Resoluci\u00f3n Ministerial comentada tambi\u00e9n modific\u00f3 la Ficha de Sintomatolog\u00eda de COVID-19 y el flujograma para la elaboraci\u00f3n del Plan para la vigilancia, prevenci\u00f3n y control del COVID-19 en el trabajo, conforme a las modificaciones se\u00f1aladas anteriormente.<\/p>\n\n\n\n<hr class=\"wp-block-separator\"\/>\n\n\n\n<p class=\"has-text-align-center\">Para mayor informaci\u00f3n sobre el tema tratado contactarse con los abogados de nuestra \u00c1rea Laboral: <\/p>\n\n\n\n<p class=\"has-text-align-center\">Alberto Varillas Cueto, Jaime Durand Planas, Macarena Morales Mailhe, Claudia Seminario G\u00f3mez, Fressia Sanchez Tu\u00f1oque, Sara Kalinicos Garc\u00eda, Jos\u00e9 Andr\u00e9s Piedra Pereira; y Grecia Elena Aldonate Pinto.<\/p>\n\n\n\n<hr class=\"wp-block-separator\"\/>\n\n\n\n<p><em>La informaci\u00f3n contenida en este documento no constituye ni pretende constituir asesor\u00eda o asistencia legal directa o indirecta de ninguna especie, ni establece ning\u00fan tipo de relaci\u00f3n profesional. <\/em><\/p>\n\n\n\n<p><em>Asimismo, tampoco pretende hacer publicidad de los servicios prestados por nuestra firma ni por ninguno de sus abogados. El \u00fanico prop\u00f3sito es dar informaci\u00f3n de car\u00e1cter general respecto de temas que pueden ser de inter\u00e9s para los clientes y amigos de nuestra firma. Este informativo, as\u00ed como otros informes generales y art\u00edculos de inter\u00e9s preparados por los abogados del Estudio podr\u00e1n encontrarse en nuestra p\u00e1gina web: <a href=\"http:\/\/localhost\/wordpress.pe\" target=\"_blank\" rel=\"noreferrer noopener\">www.garciasayan.com.pe<\/a><\/em><\/p>\n","protected":false},"excerpt":{"rendered":"<p>El 12 de mayo de 2020, mediante Resoluci\u00f3n Ministerial 135-2020-MINEM-DM, se modific\u00f3 el Protocolo Sanitario de las actividades de los sub sectores de Miner\u00eda, Hidrocarburos y Electricidad, estableciendo lo siguiente: Grupo de Riesgo Nueva definici\u00f3n: Personas mayores de 65 a\u00f1os, quienes padezcan de diabetes mellitus, asma, insuficiencia renal cr\u00f3nica, obesidad (IMC 40 o m\u00e1s) u [&hellip;]<\/p>\n","protected":false},"author":5,"featured_media":9327,"comment_status":"open","ping_status":"open","sticky":false,"template":"","format":"standard","meta":{"nf_dc_page":"","content-type":"","footnotes":""},"categories":[83,37],"class_list":["post-11330","post","type-post","status-publish","format-standard","has-post-thumbnail","hentry","category-covid-19","category-laboral"],"_links":{"self":[{"href":"https:\/\/gsalegal.pe\/en\/wp-json\/wp\/v2\/posts\/11330","targetHints":{"allow":["GET"]}}],"collection":[{"href":"https:\/\/gsalegal.pe\/en\/wp-json\/wp\/v2\/posts"}],"about":[{"href":"https:\/\/gsalegal.pe\/en\/wp-json\/wp\/v2\/types\/post"}],"author":[{"embeddable":true,"href":"https:\/\/gsalegal.pe\/en\/wp-json\/wp\/v2\/users\/5"}],"replies":[{"embeddable":true,"href":"https:\/\/gsalegal.pe\/en\/wp-json\/wp\/v2\/comments?post=11330"}],"version-history":[{"count":0,"href":"https:\/\/gsalegal.pe\/en\/wp-json\/wp\/v2\/posts\/11330\/revisions"}],"wp:featuredmedia":[{"embeddable":true,"href":"https:\/\/gsalegal.pe\/en\/wp-json\/"}],"wp:attachment":[{"href":"https:\/\/gsalegal.pe\/en\/wp-json\/wp\/v2\/media?parent=11330"}],"wp:term":[{"taxonomy":"category","embeddable":true,"href":"https:\/\/gsalegal.pe\/en\/wp-json\/wp\/v2\/categories?post=11330"}],"curies":[{"name":"wp","href":"https:\/\/api.w.org\/{rel}","templated":true}]}}