{"id":11333,"date":"2020-05-13T11:56:59","date_gmt":"2020-05-13T16:56:59","guid":{"rendered":"http:\/\/localhost\/wordpress\/?p=10218"},"modified":"2020-05-13T11:56:59","modified_gmt":"2020-05-13T16:56:59","slug":"aprueban-protocolo-para-el-retorno-de-actividades-laborales-en-el-ministerio-publico","status":"publish","type":"post","link":"https:\/\/gsalegal.pe\/en\/aprueban-protocolo-para-el-retorno-de-actividades-laborales-en-el-ministerio-publico\/","title":{"rendered":"Aprueban protocolo para el retorno de actividades laborales en el Ministerio P\u00fablico"},"content":{"rendered":"\n<p>El d\u00eda viernes 8 de mayo de 2020, se public\u00f3 en el diario oficial El Peruano, la Resoluci\u00f3n de la Fiscal\u00eda de la Naci\u00f3n N\u00b0 626-2020-MP-FN, mediante el cual, se aprob\u00f3 el \u201cProtocolo de retorno progresivo a las actividades laborales, trabajo remoto y medidas sanitarias en el Ministerio P\u00fablico \u2013 Fiscal\u00eda de la Naci\u00f3n al t\u00e9rmino del Estado de Emergencia decretado a consecuencia de la pandemia Covid-19\u201d.<\/p>\n\n\n\n<p>El objetivo del protocolo aprobado por la Fiscal\u00eda de la Naci\u00f3n pretende brindar lineamientos generales a los funcionarios y servidores del Ministerio P\u00fablico, para el retorno a las actividades laborales al t\u00e9rmino del aislamiento social obligatorio dispuesto por el Gobierno Nacional. Asimismo, busca preservar la salud y las condiciones id\u00f3neas de bioseguridad para todos sus integrantes, en el desempe\u00f1o de sus funciones, estableciendo medidas de prevenci\u00f3n, protecci\u00f3n, as\u00ed como, el mantenimiento y salubridad de los ambientes en la todas las sedes del Ministerio P\u00fablico para evitar la propagaci\u00f3n de la enfermedad.<\/p>\n\n\n\n<p>En ese orden de ideas, pasaremos a indicar cu\u00e1les son las consideraciones y pasos a seguir para el retorno progresivo a las actividades laborales:<\/p>\n\n\n\n<h4 class=\"wp-block-heading\"><strong><u>Etapa de transici\u00f3n<\/u><\/strong><\/h4>\n\n\n\n<ul class=\"wp-block-list\"><li>Los 7 d\u00edas posteriores al t\u00e9rmino del levantamiento del Estado de Emergencia Nacional solo seguir\u00e1n laborando el servicio de turno y posturno en las fiscal\u00edas provinciales penales, de familia, prevenci\u00f3n del delito y especializadas, con excepci\u00f3n de las fiscal\u00edas de extinci\u00f3n de dominio.<\/li><\/ul>\n\n\n\n<ul class=\"wp-block-list\"><li>La atenci\u00f3n al p\u00fablico seguir\u00e1 suspendida en la etapa de transici\u00f3n.<\/li><\/ul>\n\n\n\n<ul class=\"wp-block-list\"><li>Durante este periodo, para el retorno progresivo a las actividades laborales se realizaran diversas medidas prioritarias, como la limpieza, desinfecci\u00f3n y fumigaci\u00f3n de los ambientes, la habilitaci\u00f3n de medios tecnol\u00f3gicos para la atenci\u00f3n no presencial al p\u00fablico, entre otros.<\/li><\/ul>\n\n\n\n<h4 class=\"wp-block-heading\"><strong><u>Trabajo presencial<\/u><\/strong><\/h4>\n\n\n\n<ul class=\"wp-block-list\"><li>El responsable del despacho fiscal, \u00f3rgano o unidad org\u00e1nica, deber\u00e1 formular el listado general de funcionarios y servidores que laborar\u00e1n bajo la modalidad&nbsp; presencial.<\/li><li>Los funcionarios y servidores que realicen trabajo en la modalidad presencial deber\u00e1n suscribir la <strong>Declaraci\u00f3n Jurada \u2013 Ficha de Sintomatolog\u00eda Covid-19<\/strong> para el regreso al trabajo.<\/li><\/ul>\n\n\n\n<ul class=\"wp-block-list\"><li>Mientras dure la emergencia sanitaria y con el fin de evitar la aglomeraci\u00f3n de personas durante el ingreso y salidas de las sedes, como medida preventiva de contagio del Covid-19, se establece la jornada laboral diaria e interdiaria desde las <strong>7:30 hasta las 14:00 horas<\/strong> con horarios escalonados y diferenciados, para evitar que el \u00edntegro del personal asista a laborar simult\u00e1neamente, incluso, teniendo al d\u00eda s\u00e1bado como uno laborable para el turno interdiario.<\/li><\/ul>\n\n\n\n<h4 class=\"wp-block-heading\"><strong><u>Ingreso a las sedes fiscales<\/u><\/strong><\/h4>\n\n\n\n<ul class=\"wp-block-list\"><li>El ingreso de funcionarios y servidores p\u00fablicos, debe realizarse con los implementos de bioseguridad conforme a su grupo ocupacional, asimismo, se controlar\u00e1 la temperatura corporal.<\/li><\/ul>\n\n\n\n<ul class=\"wp-block-list\"><li>De detectarse s\u00edntomas de fiebre <strong>no se permitir\u00e1 el ingreso<\/strong>.<\/li><\/ul>\n\n\n\n<ul class=\"wp-block-list\"><li>En todo momento de permanencia en las sedes del Ministerio Publico, el personal deber\u00e1 hacer uso obligatorio de mascarillas y guantes.<\/li><\/ul>\n\n\n\n<h4 class=\"wp-block-heading\"><strong><u>Atenci\u00f3n al usuario e ingreso de personas externas<\/u><\/strong><\/h4>\n\n\n\n<ul class=\"wp-block-list\"><li>Durante la etapa de transici\u00f3n no habr\u00e1 atenci\u00f3n al p\u00fablico<\/li><\/ul>\n\n\n\n<ul class=\"wp-block-list\"><li>El ingreso a los usuarios a las instalaciones del Ministerio P\u00fablico ser\u00e1 restringido durante la vigencia de la emergencia sanitaria.<\/li><\/ul>\n\n\n\n<ul class=\"wp-block-list\"><li>Solo se permitir\u00e1 el ingreso al p\u00fablico en casos excepcionales y que resulten estrictamente indispensable, para tal efecto, deber\u00e1 contarse con la autorizaci\u00f3n motivada del despacho fiscal.<\/li><\/ul>\n\n\n\n<ul class=\"wp-block-list\"><li>Los usuarios autorizados deber\u00e1n ingresar contando con mascarillas y se le medir\u00e1 su temperatura, en caso sea menor de 38\u00b0C, har\u00e1 su ingreso, para lo cual se le brindar\u00e1 alcohol en gel para la desinfecci\u00f3n de manos. En caso de detectarse temperatura igual o mayor a los 38\u00b0C, se le invitar\u00e1 a regresar a su domicilio.<\/li><\/ul>\n\n\n\n<ul class=\"wp-block-list\"><li>La <strong>mesa de partes<\/strong> de las dependencias fiscales o administrativas restringir\u00e1n su atenci\u00f3n debi\u00e9ndose implementar mecanismos de atenci\u00f3n telef\u00f3nica, correo electr\u00f3nico, <strong>sistemas virtuales<\/strong>, etc. Solo en casos excepcionales se permitir\u00e1 el ingreso a las instalaciones, debiendo respetarse las medidas de seguridad implementadas.<\/li><\/ul>\n\n\n\n<ul class=\"wp-block-list\"><li>Las <strong>entrevistas con los fiscales o autoridades<\/strong> se realizar\u00e1n preferentemente, de manera virtual, a trav\u00e9s de llamadas o videollamadas.<\/li><\/ul>\n\n\n\n<h4 class=\"wp-block-heading\"><strong><u>Trabajo remoto en el Sistema Fiscal<\/u><\/strong><\/h4>\n\n\n\n<ul class=\"wp-block-list\"><li>El trabajo remoto obligatorio se inicia al t\u00e9rmino de la etapa de transici\u00f3n hasta la culminaci\u00f3n&nbsp; de la Emergencia sanitaria.<\/li><\/ul>\n\n\n\n<ul class=\"wp-block-list\"><li>El responsable del despacho fiscal deber\u00e1 identificar, distribuir y monitorear el desarrollo de las actividades susceptibles de acogerse a esta modalidad.<\/li><\/ul>\n\n\n\n<ul class=\"wp-block-list\"><li>Durante el turno y posturno, el fiscal coordinar\u00e1 y realizar\u00e1 las diligencias urgentes e inaplazables con la Polic\u00eda Nacional del Per\u00fa usando la tecnolog\u00eda de la informaci\u00f3n.<\/li><\/ul>\n\n\n\n<ul class=\"wp-block-list\"><li>En referencia a la <strong>C\u00e1mara Gesell<\/strong> se deber\u00e1n adoptar medidas necesarias para garantizar el m\u00ednimo periodo de permanencia en sus instalaciones.<\/li><\/ul>\n\n\n\n<ul class=\"wp-block-list\"><li>El p\u00fablico usuario deber\u00e1 presentar las <strong>denuncias por medios electr\u00f3nicos<\/strong> y consignar una direcci\u00f3n electr\u00f3nica y n\u00famero telef\u00f3nico que permita la notificaci\u00f3n de los actos procesales. Si la urgencia y gravedad justifica la concurrencia del denunciante a la sede fiscal ser\u00e1 recibida cumpliendo las medidas de seguridad correspondientes.<\/li><\/ul>\n\n\n\n<ul class=\"wp-block-list\"><li>El fiscal concurrir\u00e1 a las <strong>audiencias judiciales<\/strong>, preferentemente a trav\u00e9s de medios tecnol\u00f3gicos, sin embargo, cuando su presencia sea indispensable, deber\u00e1 usar el material de protecci\u00f3n personal brindado por la instituci\u00f3n.<\/li><\/ul>\n\n\n\n<hr class=\"wp-block-separator\"\/>\n\n\n\n<p class=\"has-text-align-center\">Para mayor informaci\u00f3n sobre los temas tratados contactarse con los abogados de nuestra \u00c1rea de Penal Empresarial:<\/p>\n\n\n\n<p class=\"has-text-align-center\">Diego Martin Calmet Mujica y Maria Ximena Schmiel Balarezo.<\/p>\n\n\n\n<hr class=\"wp-block-separator\"\/>\n\n\n\n<p><em>La informaci\u00f3n contenida en este documento no constituye ni pretende constituir asesor\u00eda o asistencia legal directa o indirecta de ninguna especie, ni establece ning\u00fan tipo de relaci\u00f3n profesional. <\/em><\/p>\n\n\n\n<p><em>Asimismo, tampoco pretende hacer publicidad de los servicios prestados por nuestra firma ni por ninguno de sus abogados. El \u00fanico prop\u00f3sito es dar informaci\u00f3n de car\u00e1cter general respecto de temas que pueden ser de inter\u00e9s para los clientes y amigos de nuestra firma. Este informativo, as\u00ed como otros informes generales y art\u00edculos de inter\u00e9s preparados por los abogados del Estudio podr\u00e1n encontrarse en nuestra p\u00e1gina web: <a href=\"http:\/\/www.gsalegal.pe\">www.gsalegal.pe<\/a><\/em><\/p>\n\n\n\n<p><\/p>\n","protected":false},"excerpt":{"rendered":"<p>El d\u00eda viernes 8 de mayo de 2020, se public\u00f3 en el diario oficial El Peruano, la Resoluci\u00f3n de la Fiscal\u00eda de la Naci\u00f3n N\u00b0 626-2020-MP-FN, mediante el cual, se aprob\u00f3 el \u201cProtocolo de retorno progresivo a las actividades laborales, trabajo remoto y medidas sanitarias en el Ministerio P\u00fablico \u2013 Fiscal\u00eda de la Naci\u00f3n al [&hellip;]<\/p>\n","protected":false},"author":5,"featured_media":11071,"comment_status":"closed","ping_status":"open","sticky":false,"template":"","format":"standard","meta":{"nf_dc_page":"","content-type":"","footnotes":""},"categories":[83,85],"class_list":["post-11333","post","type-post","status-publish","format-standard","has-post-thumbnail","hentry","category-covid-19","category-penal"],"_links":{"self":[{"href":"https:\/\/gsalegal.pe\/en\/wp-json\/wp\/v2\/posts\/11333","targetHints":{"allow":["GET"]}}],"collection":[{"href":"https:\/\/gsalegal.pe\/en\/wp-json\/wp\/v2\/posts"}],"about":[{"href":"https:\/\/gsalegal.pe\/en\/wp-json\/wp\/v2\/types\/post"}],"author":[{"embeddable":true,"href":"https:\/\/gsalegal.pe\/en\/wp-json\/wp\/v2\/users\/5"}],"replies":[{"embeddable":true,"href":"https:\/\/gsalegal.pe\/en\/wp-json\/wp\/v2\/comments?post=11333"}],"version-history":[{"count":0,"href":"https:\/\/gsalegal.pe\/en\/wp-json\/wp\/v2\/posts\/11333\/revisions"}],"wp:featuredmedia":[{"embeddable":true,"href":"https:\/\/gsalegal.pe\/en\/wp-json\/"}],"wp:attachment":[{"href":"https:\/\/gsalegal.pe\/en\/wp-json\/wp\/v2\/media?parent=11333"}],"wp:term":[{"taxonomy":"category","embeddable":true,"href":"https:\/\/gsalegal.pe\/en\/wp-json\/wp\/v2\/categories?post=11333"}],"curies":[{"name":"wp","href":"https:\/\/api.w.org\/{rel}","templated":true}]}}