{"id":11474,"date":"2020-04-28T11:24:59","date_gmt":"2020-04-28T16:24:59","guid":{"rendered":"http:\/\/localhost\/wordpress\/?p=9986"},"modified":"2020-04-28T11:24:59","modified_gmt":"2020-04-28T16:24:59","slug":"minam-listado-de-procedimientos-administrativos-exceptuados-de-la-suspension-de-plazos-se-precisa-la-vigencia-de-los-registros-de-las-eps-rs-y-ec-rs","status":"publish","type":"post","link":"https:\/\/gsalegal.pe\/en\/minam-listado-de-procedimientos-administrativos-exceptuados-de-la-suspension-de-plazos-se-precisa-la-vigencia-de-los-registros-de-las-eps-rs-y-ec-rs\/","title":{"rendered":"MINAM: Listado de procedimientos administrativos exceptuados de la suspensi\u00f3n de plazos. Se precisa la vigencia de los registros de las EPS-RS y EC-RS"},"content":{"rendered":"\n<p>Mediante Decreto de Urgencia N\u00b0 026-2020 (\u201cDU 026\u201d), se adoptaron\nmedidas excepcionales y temporales para prevenir la propagaci\u00f3n del COVID-19.\nUna de estas medidas fue la suspensi\u00f3n del c\u00f3mputo de los plazos de tramitaci\u00f3n\nde los procedimientos administrativos sujetos a silencio positivo y negativo, por\ntreinta (30) d\u00edas h\u00e1biles contados a partir del d\u00eda siguiente de la publicaci\u00f3n\nde dicho Decreto de Urgencia, con excepci\u00f3n de aquellos que cuenten con\npronunciamiento de la autoridad pendiente de notificaci\u00f3n. Asimismo, se facult\u00f3\nal Ejecutivo a aprobar el listado de los procedimientos cuya tramitaci\u00f3n no se\nencontrar\u00e1n sujetos a la excepci\u00f3n prevista.<\/p>\n\n\n\n<p>Teniendo en cuenta ello, con la finalidad de asegurar la\ncontinuidad de las operaciones de las Empresas Operadoras de Residuos S\u00f3lidos\n(EO-RS), se consider\u00f3 necesario aprobar un listado de procedimientos\nadministrativos sobre residuos s\u00f3lidos no sujetos a la excepci\u00f3n antes\nmencionada; as\u00ed como establecer medidas para las empresas prestadoras de\nservicios de residuos s\u00f3lidos (EPS-RS) y empresas comercializadoras de residuos\ns\u00f3lidos (EC-RS) que no pudieron tramitar su inscripci\u00f3n ante la EO-RS.<\/p>\n\n\n\n<p>En ese sentido, mediante el Decreto en referencia, se aprob\u00f3 dicho listado, se\u00f1alando adem\u00e1s que la tramitaci\u00f3n continuar\u00e1 siempre que el administrado autorice la notificaci\u00f3n electr\u00f3nica. El listado es el siguiente:<\/p>\n\n\n\n<div class=\"wp-block-image\"><figure class=\"aligncenter size-large\"><img decoding=\"async\" src=\"http:\/\/localhost\/wordpress\/wp-content\/uploads\/2020\/04\/Cuadro-RRNN.png\" alt=\"\" class=\"wp-image-9987\"\/><\/figure><\/div>\n\n\n\n<p>Asimismo, se precis\u00f3 que las EPS-RS y\/o EC-RS que no iniciaron el\ntr\u00e1mite de inscripci\u00f3n, o que habi\u00e9ndolo iniciado no tuvieron pronunciamiento, excepcionalmente\n&#8211; y por \u00fanica vez &#8211; continuar\u00e1n ejecutando sus operaciones hasta la emisi\u00f3n del\nacto resolutivo correspondiente. Dichas empresas deber\u00e1n iniciar el proceso de\ninscripci\u00f3n dentro de los 15 d\u00edas h\u00e1biles siguientes a la culminaci\u00f3n del\nEstado de Emergencia y aislamiento social obligatorio. El c\u00f3mputo del plazo\nantes se\u00f1alado ser\u00e1 a partir de la fecha que indicar\u00e1 el MINAM en su p\u00e1gina\nweb. <\/p>\n\n\n\n<p>En el <a rel=\"noreferrer noopener\" aria-label=\"siguiente enlace (se abre en una nueva pesta\u00f1a)\" href=\"https:\/\/garciasayan-my.sharepoint.com\/:b:\/g\/personal\/mcuadros_gsalegal_pe\/EV_RcVZzOcxEvbNY-76H4fsBbIztvD08AxlySPYptUqVAA?e=zKrH5J\" target=\"_blank\">siguiente enlace<\/a> encontrar\u00e1n el Decreto en referencia.<\/p>\n\n\n\n<hr class=\"wp-block-separator\"\/>\n\n\n\n<p class=\"has-text-align-center\">Para m\u00e1s informaci\u00f3n sobre los temas tratados contactarse con los\nabogados de nuestra \u00c1rea de Recursos Naturales y Medio Ambiente:<\/p>\n\n\n\n<p class=\"has-text-align-center\">Jos\u00e9 Miguel Morales Dasso, Alberto Varillas Cueto, Edgardo Portaro van Oordt, Felipe Del \u00c1guila, Samantha Boy Roca y Jos\u00e9 Castillo.<\/p>\n\n\n\n<hr class=\"wp-block-separator\"\/>\n\n\n\n<p><em>La informaci\u00f3n contenida en este documento no constituye ni pretende constituir asesor\u00eda o asistencia legal directa o indirecta de ninguna especie, ni establece ning\u00fan tipo de relaci\u00f3n profesional.<\/em><\/p>\n\n\n\n<p><em>Asimismo, tampoco pretende hacer publicidad de los servicios prestados por nuestra firma ni por ninguno de sus abogados. El \u00fanico prop\u00f3sito es dar informaci\u00f3n de car\u00e1cter general respecto de temas que pueden ser de inter\u00e9s para los clientes y amigos de nuestra firma. Este informativo, as\u00ed como otros informes generales y art\u00edculos de inter\u00e9s preparados por los abogados del Estudio podr\u00e1n encontrarse en nuestra p\u00e1gina web: <a href=\"http:\/\/localhost\/wordpress.pe\" target=\"_blank\" rel=\"noreferrer noopener\" aria-label=\"localhost\/wordpress.pe (se abre en una nueva pesta\u00f1a)\">www.garciasayan.com.pe<\/a><\/em><\/p>\n","protected":false},"excerpt":{"rendered":"<p>Mediante Decreto de Urgencia N\u00b0 026-2020 (\u201cDU 026\u201d), se adoptaron medidas excepcionales y temporales para prevenir la propagaci\u00f3n del COVID-19. Una de estas medidas fue la suspensi\u00f3n del c\u00f3mputo de los plazos de tramitaci\u00f3n de los procedimientos administrativos sujetos a silencio positivo y negativo, por treinta (30) d\u00edas h\u00e1biles contados a partir del d\u00eda siguiente [&hellip;]<\/p>\n","protected":false},"author":5,"featured_media":8926,"comment_status":"closed","ping_status":"open","sticky":false,"template":"","format":"standard","meta":{"nf_dc_page":"","content-type":"","footnotes":""},"categories":[83,79],"class_list":["post-11474","post","type-post","status-publish","format-standard","has-post-thumbnail","hentry","category-covid-19","category-recursos-naturales"],"_links":{"self":[{"href":"https:\/\/gsalegal.pe\/en\/wp-json\/wp\/v2\/posts\/11474","targetHints":{"allow":["GET"]}}],"collection":[{"href":"https:\/\/gsalegal.pe\/en\/wp-json\/wp\/v2\/posts"}],"about":[{"href":"https:\/\/gsalegal.pe\/en\/wp-json\/wp\/v2\/types\/post"}],"author":[{"embeddable":true,"href":"https:\/\/gsalegal.pe\/en\/wp-json\/wp\/v2\/users\/5"}],"replies":[{"embeddable":true,"href":"https:\/\/gsalegal.pe\/en\/wp-json\/wp\/v2\/comments?post=11474"}],"version-history":[{"count":0,"href":"https:\/\/gsalegal.pe\/en\/wp-json\/wp\/v2\/posts\/11474\/revisions"}],"wp:featuredmedia":[{"embeddable":true,"href":"https:\/\/gsalegal.pe\/en\/wp-json\/"}],"wp:attachment":[{"href":"https:\/\/gsalegal.pe\/en\/wp-json\/wp\/v2\/media?parent=11474"}],"wp:term":[{"taxonomy":"category","embeddable":true,"href":"https:\/\/gsalegal.pe\/en\/wp-json\/wp\/v2\/categories?post=11474"}],"curies":[{"name":"wp","href":"https:\/\/api.w.org\/{rel}","templated":true}]}}