{"id":11484,"date":"2020-04-26T17:11:16","date_gmt":"2020-04-26T22:11:16","guid":{"rendered":"http:\/\/localhost\/wordpress\/?p=9962"},"modified":"2020-04-26T17:11:16","modified_gmt":"2020-04-26T22:11:16","slug":"grupo-de-trabajo-para-la-reanudacion-de-actividades-economicas","status":"publish","type":"post","link":"https:\/\/gsalegal.pe\/en\/grupo-de-trabajo-para-la-reanudacion-de-actividades-economicas\/","title":{"rendered":"Grupo de Trabajo para la reanudaci\u00f3n de actividades econ\u00f3micas"},"content":{"rendered":"\n<p>El\n25 de abril de 2020, se public\u00f3 la Resoluci\u00f3n Ministerial N\u00b0144-2020-EF\/15, que\ncrea el Grupo de Trabajo Multisectorial para la evaluaci\u00f3n y formulaci\u00f3n de\nestategias para la reanudaci\u00f3n progresiva de actvidades econ\u00f3micas en el marco\nde la Emergencia Sanitaria y la Emergencia Nacional, el cual estar\u00e1 vigente por\n30 d\u00edas h\u00e1biles desde su instalaci\u00f3n. Su conformaci\u00f3n, ser\u00e1 la siguiente:<\/p>\n\n\n\n<ol class=\"wp-block-list\"><li>Un\nrepresentante del MEF, quien preside el Grupo de Trabajo.<\/li><li>Un\nrepresentante del MINSA.<\/li><li>Un\nrepresentante de PRODUCE.<\/li><li>Un\nrepresentante de los Gobiernos Regionales.<\/li><li>Un\nrepresentante del Colegio M\u00e9dico del Per\u00fa.<\/li><li>Un\nrepresentante del sector privado.<\/li><li>Un\nrepresentante de los trabajadores.<\/li><li>Un\nrepresentante de las universidades.<\/li><li>Un\nrepresentante de la prensa peruana.<\/li><\/ol>\n\n\n\n<p>Los representantes del sector privado, ser\u00e1n designados por las organizaciones representativas en materias de actividad, siempre que cuenten con no menos de 20 a\u00f1os de fundaci\u00f3n. Los representantes de los trabajadores, ser\u00e1n designados Centrales Sindicales que conforman el Consejo Nacional del Trabajo y Promoci\u00f3n del Empleo (CNTPE).<\/p>\n\n\n\n<hr class=\"wp-block-separator\"\/>\n\n\n\n<p class=\"has-text-align-center\">Para mayor informaci\u00f3n sobre el tema tratado contactarse con los abogados de nuestra \u00c1rea Laboral: <\/p>\n\n\n\n<p class=\"has-text-align-center\">Alberto Varillas Cueto, Jaime Durand Planas, Macarena Morales Mailhe, Claudia Seminario G\u00f3mez, Fressia Sanchez Tu\u00f1oque, Sara Kalinicos Garc\u00eda, Jos\u00e9 Andr\u00e9s Piedra Pereira; y Grecia Elena Aldonate Pinto.<\/p>\n\n\n\n<hr class=\"wp-block-separator\"\/>\n\n\n\n<p><em>La informaci\u00f3n contenida en este documento no constituye ni pretende constituir asesor\u00eda o asistencia legal directa o indirecta de ninguna especie, ni establece ning\u00fan tipo de relaci\u00f3n profesional. <\/em><\/p>\n\n\n\n<p><em>Asimismo, tampoco pretende hacer publicidad de los servicios prestados por nuestra firma ni por ninguno de sus abogados. El \u00fanico prop\u00f3sito es dar informaci\u00f3n de car\u00e1cter general respecto de temas que pueden ser de inter\u00e9s para los clientes y amigos de nuestra firma. Este informativo, as\u00ed como otros informes generales y art\u00edculos de inter\u00e9s preparados por los abogados del Estudio podr\u00e1n encontrarse en nuestra p\u00e1gina web: <a href=\"http:\/\/localhost\/wordpress.pe\" target=\"_blank\" rel=\"noreferrer noopener\" aria-label=\"localhost\/wordpress.pe (se abre en una nueva pesta\u00f1a)\">www.garciasayan.com.pe<\/a><\/em><\/p>\n","protected":false},"excerpt":{"rendered":"<p>El 25 de abril de 2020, se public\u00f3 la Resoluci\u00f3n Ministerial N\u00b0144-2020-EF\/15, que crea el Grupo de Trabajo Multisectorial para la evaluaci\u00f3n y formulaci\u00f3n de estategias para la reanudaci\u00f3n progresiva de actvidades econ\u00f3micas en el marco de la Emergencia Sanitaria y la Emergencia Nacional, el cual estar\u00e1 vigente por 30 d\u00edas h\u00e1biles desde su instalaci\u00f3n. [&hellip;]<\/p>\n","protected":false},"author":5,"featured_media":9614,"comment_status":"closed","ping_status":"open","sticky":false,"template":"","format":"standard","meta":{"nf_dc_page":"","content-type":"","footnotes":""},"categories":[83,37],"class_list":["post-11484","post","type-post","status-publish","format-standard","has-post-thumbnail","hentry","category-covid-19","category-laboral"],"_links":{"self":[{"href":"https:\/\/gsalegal.pe\/en\/wp-json\/wp\/v2\/posts\/11484","targetHints":{"allow":["GET"]}}],"collection":[{"href":"https:\/\/gsalegal.pe\/en\/wp-json\/wp\/v2\/posts"}],"about":[{"href":"https:\/\/gsalegal.pe\/en\/wp-json\/wp\/v2\/types\/post"}],"author":[{"embeddable":true,"href":"https:\/\/gsalegal.pe\/en\/wp-json\/wp\/v2\/users\/5"}],"replies":[{"embeddable":true,"href":"https:\/\/gsalegal.pe\/en\/wp-json\/wp\/v2\/comments?post=11484"}],"version-history":[{"count":0,"href":"https:\/\/gsalegal.pe\/en\/wp-json\/wp\/v2\/posts\/11484\/revisions"}],"wp:featuredmedia":[{"embeddable":true,"href":"https:\/\/gsalegal.pe\/en\/wp-json\/"}],"wp:attachment":[{"href":"https:\/\/gsalegal.pe\/en\/wp-json\/wp\/v2\/media?parent=11484"}],"wp:term":[{"taxonomy":"category","embeddable":true,"href":"https:\/\/gsalegal.pe\/en\/wp-json\/wp\/v2\/categories?post=11484"}],"curies":[{"name":"wp","href":"https:\/\/api.w.org\/{rel}","templated":true}]}}