{"id":11485,"date":"2020-04-26T17:06:22","date_gmt":"2020-04-26T22:06:22","guid":{"rendered":"http:\/\/localhost\/wordpress\/?p=9960"},"modified":"2020-04-26T17:06:22","modified_gmt":"2020-04-26T22:06:22","slug":"prorrogan-fecha-limite-para-la-presentacion-de-la-declaracion-autoliquidacion-y-pago-de-la-contribucion-anual-ante-la-smv","status":"publish","type":"post","link":"https:\/\/gsalegal.pe\/en\/prorrogan-fecha-limite-para-la-presentacion-de-la-declaracion-autoliquidacion-y-pago-de-la-contribucion-anual-ante-la-smv\/","title":{"rendered":"Prorrogan fecha l\u00edmite para la presentaci\u00f3n de la Declaraci\u00f3n \u2013 Autoliquidaci\u00f3n y Pago de la Contribuci\u00f3n Anual ante la SMV"},"content":{"rendered":"\n<p>La Superintendencia del Mercado de Valores (en\nadelante, SMV) ha prorrogado hasta el 30 de junio de 2020 la fecha l\u00edmite para\nla presentaci\u00f3n de la Declaraci\u00f3n &#8211; Autoliquidaci\u00f3n y Pago de la Contribuci\u00f3n\nAnual por el ejercicio gravable 2019 (Formato AP-1), por parte de los\ncontribuyentes comprendidos en el literal e) del art\u00edculo 18 del Texto \u00danico\nConcordado de la Ley Org\u00e1nica de la SMV<a href=\"#_ftn1\">[1]<\/a>. As\u00ed\nconsta en la Resoluci\u00f3n de Superintendente Nro. 038-2020-SMV\/02.<\/p>\n\n\n\n<p>Adicionalmente, para el pago a cuenta mensual\ncorrespondiente a los meses de abril y mayo del presente a\u00f1o de los\ncontribuyentes anteriormente mencionados, deber\u00e1 utilizarse la informaci\u00f3n\nfinanciera anual auditada del a\u00f1o 2018 presentada a la SMV, cuando no se cuente\ncon dicha informaci\u00f3n del a\u00f1o 2019 presentada a la SMV al cierre del mes de\nabril y mayo de 2020. <\/p>\n\n\n\n<p>Finalmente, el plazo de 7 d\u00edas considerado en el\nart\u00edculo 10 de la Norma sobre Contribuciones por los Servicios de Supervisi\u00f3n\nque presta la SMV, para que la SMV comunique a las empresas los montos en\nexceso o en defecto que han pagado con cargo a su contribuci\u00f3n, ser\u00e1 computado\ndesde el vencimiento del nuevo plazo establecido para la presentaci\u00f3n de la\nDeclaraci\u00f3n &#8211; Autoliquidaci\u00f3n y Pago de la Contribuci\u00f3n Anual por el ejercicio\ngravable 2019 (Formato AP-1). <br><\/p>\n\n\n\n<hr class=\"wp-block-separator\"\/>\n\n\n\n<p><a href=\"#_ftnref1\"><sup>[1]<\/sup><\/a><sup> <\/sup>Bolsas de Valores, Instituciones de Compensaci\u00f3n y Liquidaci\u00f3n de Valores, Empresas Clasificadoras de Riesgo, Sociedades Administradoras de Fondos Mutuos de Inversi\u00f3n en Valores, Sociedades Administradoras de Fondos de Inversi\u00f3n, Sociedades Agentes de Bolsa, Sociedades Intermediarias de Valores, Sociedades Titulizadoras, Bolsas de Productos, Sociedades Corredoras de Productos, Empresas Proveedoras de Precios y dem\u00e1s entidades a las que la Superintendencia del Mercado de Valores (SMV) otorgue autorizaci\u00f3n de funcionamiento.<\/p>\n\n\n\n<hr class=\"wp-block-separator\"\/>\n\n\n\n<p class=\"has-text-align-center\">Para mayor informaci\u00f3n sobre el tema tratado contactarse con los abogados del Estudio: <\/p>\n\n\n\n<p class=\"has-text-align-center\">Dr. Luis Gasta\u00f1eta, Dra. Shirley C\u00e1rdenas, Dr. Alfonso Tola, Dra. Mar\u00eda Soledad Gasta\u00f1eta y el Dr. Sergio Chang. <\/p>\n\n\n\n<hr class=\"wp-block-separator\"\/>\n\n\n\n<p><em>La informaci\u00f3n contenida en este documento no constituye ni pretende constituir asesor\u00eda o asistencia legal directa o indirecta de ninguna especie, ni establece ning\u00fan tipo de relaci\u00f3n profesional.<\/em><\/p>\n\n\n\n<p><em>Asimismo, tampoco pretende hacer publicidad de los servicios prestados por nuestra firma ni por ninguno de sus abogados. El \u00fanico prop\u00f3sito es dar informaci\u00f3n de car\u00e1cter general respecto de temas que pueden ser de inter\u00e9s para los clientes y amigos de nuestra firma. Este informativo, as\u00ed como otros informes generales y art\u00edculos de inter\u00e9s preparados por los abogados del Estudio, podr\u00e1n encontrarse en nuestra p\u00e1gina web: <a href=\"http:\/\/localhost\/wordpress.pe\" target=\"_blank\" rel=\"noreferrer noopener\" aria-label=\"localhost\/wordpress.pe (se abre en una nueva pesta\u00f1a)\">www.garciasayan.com.pe<\/a><\/em><\/p>\n","protected":false},"excerpt":{"rendered":"<p>La Superintendencia del Mercado de Valores (en adelante, SMV) ha prorrogado hasta el 30 de junio de 2020 la fecha l\u00edmite para la presentaci\u00f3n de la Declaraci\u00f3n &#8211; Autoliquidaci\u00f3n y Pago de la Contribuci\u00f3n Anual por el ejercicio gravable 2019 (Formato AP-1), por parte de los contribuyentes comprendidos en el literal e) del art\u00edculo 18 [&hellip;]<\/p>\n","protected":false},"author":5,"featured_media":9635,"comment_status":"closed","ping_status":"open","sticky":false,"template":"","format":"standard","meta":{"nf_dc_page":"","content-type":"","footnotes":""},"categories":[76,83],"class_list":["post-11485","post","type-post","status-publish","format-standard","has-post-thumbnail","hentry","category-corporativo","category-covid-19"],"_links":{"self":[{"href":"https:\/\/gsalegal.pe\/en\/wp-json\/wp\/v2\/posts\/11485","targetHints":{"allow":["GET"]}}],"collection":[{"href":"https:\/\/gsalegal.pe\/en\/wp-json\/wp\/v2\/posts"}],"about":[{"href":"https:\/\/gsalegal.pe\/en\/wp-json\/wp\/v2\/types\/post"}],"author":[{"embeddable":true,"href":"https:\/\/gsalegal.pe\/en\/wp-json\/wp\/v2\/users\/5"}],"replies":[{"embeddable":true,"href":"https:\/\/gsalegal.pe\/en\/wp-json\/wp\/v2\/comments?post=11485"}],"version-history":[{"count":0,"href":"https:\/\/gsalegal.pe\/en\/wp-json\/wp\/v2\/posts\/11485\/revisions"}],"wp:featuredmedia":[{"embeddable":true,"href":"https:\/\/gsalegal.pe\/en\/wp-json\/"}],"wp:attachment":[{"href":"https:\/\/gsalegal.pe\/en\/wp-json\/wp\/v2\/media?parent=11485"}],"wp:term":[{"taxonomy":"category","embeddable":true,"href":"https:\/\/gsalegal.pe\/en\/wp-json\/wp\/v2\/categories?post=11485"}],"curies":[{"name":"wp","href":"https:\/\/api.w.org\/{rel}","templated":true}]}}