{"id":11753,"date":"2020-07-23T13:30:13","date_gmt":"2020-07-23T18:30:13","guid":{"rendered":"http:\/\/localhost\/wordpress\/?p=11753"},"modified":"2020-07-23T13:30:13","modified_gmt":"2020-07-23T18:30:13","slug":"hostigamiento-sexual-se-aprobaron-formatos-referenciales-para-queja-o-denuncia","status":"publish","type":"post","link":"https:\/\/gsalegal.pe\/en\/hostigamiento-sexual-se-aprobaron-formatos-referenciales-para-queja-o-denuncia\/","title":{"rendered":"Hostigamiento Sexual: Se aprobaron formatos referenciales para queja o denuncia"},"content":{"rendered":"\t\t<div data-elementor-type=\"wp-post\" data-elementor-id=\"11753\" class=\"elementor elementor-11753\">\n\t\t\t\t\t\t<section class=\"elementor-section elementor-top-section elementor-element elementor-element-19aa8e5 elementor-section-boxed elementor-section-height-default elementor-section-height-default\" data-id=\"19aa8e5\" data-element_type=\"section\" data-e-type=\"section\">\n\t\t\t\t\t\t<div class=\"elementor-container elementor-column-gap-default\">\n\t\t\t\t\t<div class=\"elementor-column elementor-col-100 elementor-top-column elementor-element elementor-element-1c8794a\" data-id=\"1c8794a\" data-element_type=\"column\" data-e-type=\"column\">\n\t\t\t<div class=\"elementor-widget-wrap elementor-element-populated\">\n\t\t\t\t\t\t<div class=\"elementor-element elementor-element-0a33ea1 elementor-widget elementor-widget-text-editor\" data-id=\"0a33ea1\" data-element_type=\"widget\" data-e-type=\"widget\" data-widget_type=\"text-editor.default\">\n\t\t\t\t<div class=\"elementor-widget-container\">\n\t\t\t\t\t\t\t\t\t<p><span style=\"font-size: 12.0pt; font-family: 'Arial Narrow',sans-serif;\">En la fecha, mediante Resoluci\u00f3n Ministerial N\u00ba115-2020-MIMP, el Ministerio de Mujer y Poblaciones Vulnerables aprob\u00f3 los formatos referenciales para queja o denuncia por hostigamiento sexual en el Sector P\u00fablico y Privado, as\u00ed como el respectivo instructivo para el correcto llenado de estos formatos.<\/span><\/p><p class=\"MsoNormal\" style=\"margin-bottom: 0.0001pt; line-height: normal;\"><span style=\"font-size: 12.0pt; font-family: 'Arial Narrow',sans-serif;\">Los aprobados son de aplicaci\u00f3n en los siguientes \u00e1mbitos: <\/span><\/p><p class=\"MsoNormal\" style=\"margin-bottom: 0.0001pt; line-height: normal;\"><span style=\"font-size: 12.0pt; font-family: 'Arial Narrow',sans-serif;\">\u00a0<\/span><\/p><p class=\"MsoListParagraph\" style=\"margin-bottom: 0.0001pt; text-indent: -18pt; line-height: normal;\"><!-- [if !supportLists]--><span style=\"font-size: 12.0pt; font-family: 'Arial Narrow',sans-serif; mso-fareast-font-family: 'Arial Narrow'; mso-bidi-font-family: 'Arial Narrow';\">&#8211;<span style=\"font-variant-numeric: normal; font-variant-east-asian: normal; font-stretch: normal; font-size: 7pt; line-height: normal; font-family: 'Times New Roman';\">\u00a0\u00a0\u00a0\u00a0\u00a0\u00a0\u00a0\u00a0\u00a0 <\/span><\/span><!--[endif]--><span style=\"font-size: 12.0pt; font-family: 'Arial Narrow',sans-serif;\">\u00c1mbito Laboral del Sector P\u00fablico.<\/span><\/p><p class=\"MsoListParagraph\" style=\"margin-bottom: 0.0001pt; text-indent: -18pt; line-height: normal;\"><!-- [if !supportLists]--><span style=\"font-size: 12.0pt; font-family: 'Arial Narrow',sans-serif; mso-fareast-font-family: 'Arial Narrow'; mso-bidi-font-family: 'Arial Narrow';\">&#8211;<span style=\"font-variant-numeric: normal; font-variant-east-asian: normal; font-stretch: normal; font-size: 7pt; line-height: normal; font-family: 'Times New Roman';\">\u00a0\u00a0\u00a0\u00a0\u00a0\u00a0\u00a0\u00a0\u00a0 <\/span><\/span><!--[endif]--><span style=\"font-size: 12.0pt; font-family: 'Arial Narrow',sans-serif;\">\u00c1mbito Laboral del Sector Privado.<\/span><\/p><p class=\"MsoListParagraph\" style=\"margin-bottom: 0.0001pt; text-indent: -18pt; line-height: normal;\"><!-- [if !supportLists]--><span style=\"font-size: 12.0pt; font-family: 'Arial Narrow',sans-serif; mso-fareast-font-family: 'Arial Narrow'; mso-bidi-font-family: 'Arial Narrow';\">&#8211;<span style=\"font-variant-numeric: normal; font-variant-east-asian: normal; font-stretch: normal; font-size: 7pt; line-height: normal; font-family: 'Times New Roman';\">\u00a0\u00a0\u00a0\u00a0\u00a0\u00a0\u00a0\u00a0\u00a0 <\/span><\/span><!--[endif]--><span style=\"font-size: 12.0pt; font-family: 'Arial Narrow',sans-serif;\">\u00c1mbito Educativo, Instituciones de Educaci\u00f3n B\u00e1sica.<\/span><\/p><p class=\"MsoListParagraph\" style=\"margin-bottom: 0.0001pt; text-indent: -18pt; line-height: normal;\"><!-- [if !supportLists]--><span style=\"font-size: 12.0pt; font-family: 'Arial Narrow',sans-serif; mso-fareast-font-family: 'Arial Narrow'; mso-bidi-font-family: 'Arial Narrow';\">&#8211;<span style=\"font-variant-numeric: normal; font-variant-east-asian: normal; font-stretch: normal; font-size: 7pt; line-height: normal; font-family: 'Times New Roman';\">\u00a0\u00a0\u00a0\u00a0\u00a0\u00a0\u00a0\u00a0\u00a0 <\/span><\/span><!--[endif]--><span style=\"font-size: 12.0pt; font-family: 'Arial Narrow',sans-serif;\">\u00c1mbito Educativo, Instituciones de Educaci\u00f3n T\u00e9cnico Productiva e Instituos y Escuelas de Educaci\u00f3n Superior.<\/span><\/p><p class=\"MsoListParagraph\" style=\"margin-bottom: 0.0001pt; text-indent: -18pt; line-height: normal;\"><!-- [if !supportLists]--><span style=\"font-size: 12.0pt; font-family: 'Arial Narrow',sans-serif; mso-fareast-font-family: 'Arial Narrow'; mso-bidi-font-family: 'Arial Narrow';\">&#8211;<span style=\"font-variant-numeric: normal; font-variant-east-asian: normal; font-stretch: normal; font-size: 7pt; line-height: normal; font-family: 'Times New Roman';\">\u00a0\u00a0\u00a0\u00a0\u00a0\u00a0\u00a0\u00a0\u00a0 <\/span><\/span><!--[endif]--><span style=\"font-size: 12.0pt; font-family: 'Arial Narrow',sans-serif;\">\u00c1mbito Educativo, Universidades.<\/span><\/p><p class=\"MsoListParagraph\" style=\"margin-bottom: 0.0001pt; text-indent: -18pt; line-height: normal;\"><!-- [if !supportLists]--><span style=\"font-size: 12.0pt; font-family: 'Arial Narrow',sans-serif; mso-fareast-font-family: 'Arial Narrow'; mso-bidi-font-family: 'Arial Narrow';\">&#8211;<span style=\"font-variant-numeric: normal; font-variant-east-asian: normal; font-stretch: normal; font-size: 7pt; line-height: normal; font-family: 'Times New Roman';\">\u00a0\u00a0\u00a0\u00a0\u00a0\u00a0\u00a0\u00a0\u00a0 <\/span><\/span><!--[endif]--><span style=\"font-size: 12.0pt; font-family: 'Arial Narrow',sans-serif;\">Instituciones de las Fuerzas Armadas y de la Polic\u00eda Nacional del Per\u00fa.<\/span><\/p><p class=\"MsoListParagraph\" style=\"margin-bottom: 0.0001pt; text-indent: -18pt; line-height: normal;\"><!-- [if !supportLists]--><span style=\"font-size: 12.0pt; font-family: 'Arial Narrow',sans-serif; mso-fareast-font-family: 'Arial Narrow'; mso-bidi-font-family: 'Arial Narrow';\">&#8211;<span style=\"font-variant-numeric: normal; font-variant-east-asian: normal; font-stretch: normal; font-size: 7pt; line-height: normal; font-family: 'Times New Roman';\">\u00a0\u00a0\u00a0\u00a0\u00a0\u00a0\u00a0\u00a0\u00a0 <\/span><\/span><!--[endif]--><span style=\"font-size: 12.0pt; font-family: 'Arial Narrow',sans-serif;\">Trabajador\/a del Hogar. <\/span><\/p><p class=\"MsoNormal\" style=\"margin-bottom: 0.0001pt; line-height: normal;\"><span style=\"font-size: 12.0pt; font-family: 'Arial Narrow',sans-serif;\">\u00a0<\/span><\/p><p class=\"MsoNormal\" style=\"margin-bottom: 0.0001pt; line-height: normal;\"><span style=\"font-size: 12.0pt; font-family: 'Arial Narrow',sans-serif;\">Los formatos; as\u00ed como; el instructivo podr\u00e1n encontrarse en el siguiente link: <\/span><a href=\"https:\/\/bit.ly\/2Eadk2E\" target=\"_blank\" rel=\"noopener\"><span style=\"font-size: 12.0pt; font-family: 'Arial Narrow',sans-serif;\">https:\/\/bit.ly\/2Eadk2E<\/span><\/a><\/p>\t\t\t\t\t\t\t\t<\/div>\n\t\t\t\t<\/div>\n\t\t\t\t\t<\/div>\n\t\t<\/div>\n\t\t\t\t\t<\/div>\n\t\t<\/section>\n\t\t\t\t<section class=\"elementor-section elementor-top-section elementor-element elementor-element-ac50887 elementor-section-boxed elementor-section-height-default elementor-section-height-default\" data-id=\"ac50887\" data-element_type=\"section\" data-e-type=\"section\">\n\t\t\t\t\t\t<div class=\"elementor-container elementor-column-gap-default\">\n\t\t\t\t\t<div class=\"elementor-column elementor-col-100 elementor-top-column elementor-element elementor-element-8a01957\" data-id=\"8a01957\" data-element_type=\"column\" data-e-type=\"column\">\n\t\t\t<div class=\"elementor-widget-wrap elementor-element-populated\">\n\t\t\t\t\t\t<div class=\"elementor-element elementor-element-167c926 elementor-widget-divider--view-line elementor-widget elementor-widget-divider\" data-id=\"167c926\" data-element_type=\"widget\" data-e-type=\"widget\" data-widget_type=\"divider.default\">\n\t\t\t\t<div class=\"elementor-widget-container\">\n\t\t\t\t\t\t\t<div class=\"elementor-divider\">\n\t\t\t<span class=\"elementor-divider-separator\">\n\t\t\t\t\t\t<\/span>\n\t\t<\/div>\n\t\t\t\t\t\t<\/div>\n\t\t\t\t<\/div>\n\t\t\t\t\t<\/div>\n\t\t<\/div>\n\t\t\t\t\t<\/div>\n\t\t<\/section>\n\t\t\t\t<section class=\"elementor-section elementor-top-section elementor-element elementor-element-e33db24 elementor-section-boxed elementor-section-height-default elementor-section-height-default\" data-id=\"e33db24\" data-element_type=\"section\" data-e-type=\"section\">\n\t\t\t\t\t\t<div class=\"elementor-container elementor-column-gap-default\">\n\t\t\t\t\t<div class=\"elementor-column elementor-col-100 elementor-top-column elementor-element elementor-element-6cb713f\" data-id=\"6cb713f\" data-element_type=\"column\" data-e-type=\"column\">\n\t\t\t<div class=\"elementor-widget-wrap elementor-element-populated\">\n\t\t\t\t\t\t<div class=\"elementor-element elementor-element-0f88561 elementor-widget elementor-widget-text-editor\" data-id=\"0f88561\" data-element_type=\"widget\" data-e-type=\"widget\" data-widget_type=\"text-editor.default\">\n\t\t\t\t<div class=\"elementor-widget-container\">\n\t\t\t\t\t\t\t\t\t<p>Para mayor informaci\u00f3n sobre el tema tratado contactarse con los abogados de nuestra \u00c1rea Laboral:<\/p><p>&nbsp;Alberto Varillas Cueto, Jaime Durand Planas, Macarena Morales Mailhe, Claudia Seminario G\u00f3mez, Fressia Sanchez Tu\u00f1oque, Sara Kalinicos Garc\u00eda, Jos\u00e9 Andr\u00e9s Piedra Pereira; y Grecia Elena Aldonate Pinto.<\/p>\t\t\t\t\t\t\t\t<\/div>\n\t\t\t\t<\/div>\n\t\t\t\t\t<\/div>\n\t\t<\/div>\n\t\t\t\t\t<\/div>\n\t\t<\/section>\n\t\t\t\t<section class=\"elementor-section elementor-top-section elementor-element elementor-element-514d0aa elementor-section-boxed elementor-section-height-default elementor-section-height-default\" data-id=\"514d0aa\" data-element_type=\"section\" data-e-type=\"section\">\n\t\t\t\t\t\t<div class=\"elementor-container elementor-column-gap-default\">\n\t\t\t\t\t<div class=\"elementor-column elementor-col-100 elementor-top-column elementor-element elementor-element-45152db\" data-id=\"45152db\" data-element_type=\"column\" data-e-type=\"column\">\n\t\t\t<div class=\"elementor-widget-wrap elementor-element-populated\">\n\t\t\t\t\t\t<div class=\"elementor-element elementor-element-7bebe8e elementor-widget-divider--view-line elementor-widget elementor-widget-divider\" data-id=\"7bebe8e\" data-element_type=\"widget\" data-e-type=\"widget\" data-widget_type=\"divider.default\">\n\t\t\t\t<div class=\"elementor-widget-container\">\n\t\t\t\t\t\t\t<div class=\"elementor-divider\">\n\t\t\t<span class=\"elementor-divider-separator\">\n\t\t\t\t\t\t<\/span>\n\t\t<\/div>\n\t\t\t\t\t\t<\/div>\n\t\t\t\t<\/div>\n\t\t\t\t\t<\/div>\n\t\t<\/div>\n\t\t\t\t\t<\/div>\n\t\t<\/section>\n\t\t\t\t<section class=\"elementor-section elementor-top-section elementor-element elementor-element-ebfd6ee elementor-section-boxed elementor-section-height-default elementor-section-height-default\" data-id=\"ebfd6ee\" data-element_type=\"section\" data-e-type=\"section\">\n\t\t\t\t\t\t<div class=\"elementor-container elementor-column-gap-default\">\n\t\t\t\t\t<div class=\"elementor-column elementor-col-100 elementor-top-column elementor-element elementor-element-c88f74e\" data-id=\"c88f74e\" data-element_type=\"column\" data-e-type=\"column\">\n\t\t\t<div class=\"elementor-widget-wrap elementor-element-populated\">\n\t\t\t\t\t\t<div class=\"elementor-element elementor-element-75265c1 elementor-widget elementor-widget-text-editor\" data-id=\"75265c1\" data-element_type=\"widget\" data-e-type=\"widget\" data-widget_type=\"text-editor.default\">\n\t\t\t\t<div class=\"elementor-widget-container\">\n\t\t\t\t\t\t\t\t\t<p class=\"MsoNormal\" style=\"margin-bottom: .0001pt; text-align: justify; line-height: normal; tab-stops: 27.0pt;\"><span style=\"font-size: 10.0pt; font-family: 'Arial Narrow',sans-serif;\">La informaci\u00f3n contenida en este documento no constituye ni pretende constituir asesor\u00eda o asistencia legal directa o indirecta de ninguna especie, ni establece ning\u00fan tipo de relaci\u00f3n profesional. Asimismo, tampoco pretende hacer publicidad de los servicios prestados por nuestra firma ni por ninguno de sus abogados. El \u00fanico prop\u00f3sito es dar informaci\u00f3n de car\u00e1cter general respecto de temas que pueden ser de inter\u00e9s para los clientes y amigos de nuestra firma. Este informativo, as\u00ed como otros informes generales y art\u00edculos de inter\u00e9s preparados por los abogados del Estudio podr\u00e1n encontrarse en nuestra p\u00e1gina web: <\/span><a href=\"http:\/\/localhost\/wordpress.pe\/\" target=\"_blank\" rel=\"noopener\"><span style=\"font-size: 10.0pt; font-family: 'Arial Narrow',sans-serif; color: blue;\">www.garciasayan.com.pe<\/span><\/a><\/p>\t\t\t\t\t\t\t\t<\/div>\n\t\t\t\t<\/div>\n\t\t\t\t\t<\/div>\n\t\t<\/div>\n\t\t\t\t\t<\/div>\n\t\t<\/section>\n\t\t\t\t<\/div>\n\t\t","protected":false},"excerpt":{"rendered":"<p>En la fecha, mediante Resoluci\u00f3n Ministerial N\u00ba115-2020-MIMP, el Ministerio de Mujer y Poblaciones Vulnerables aprob\u00f3 los formatos referenciales para queja o denuncia por hostigamiento sexual en el Sector P\u00fablico y Privado, as\u00ed como el respectivo instructivo para el correcto llenado de estos formatos. Los aprobados son de aplicaci\u00f3n en los siguientes \u00e1mbitos: \u00a0 &#8211;\u00a0\u00a0\u00a0\u00a0\u00a0\u00a0\u00a0\u00a0\u00a0 \u00c1mbito [&hellip;]<\/p>\n","protected":false},"author":5,"featured_media":11754,"comment_status":"closed","ping_status":"open","sticky":false,"template":"","format":"standard","meta":{"nf_dc_page":"","content-type":"","footnotes":""},"categories":[90,37],"class_list":["post-11753","post","type-post","status-publish","format-standard","has-post-thumbnail","hentry","category-boletin-informativo","category-laboral"],"_links":{"self":[{"href":"https:\/\/gsalegal.pe\/en\/wp-json\/wp\/v2\/posts\/11753","targetHints":{"allow":["GET"]}}],"collection":[{"href":"https:\/\/gsalegal.pe\/en\/wp-json\/wp\/v2\/posts"}],"about":[{"href":"https:\/\/gsalegal.pe\/en\/wp-json\/wp\/v2\/types\/post"}],"author":[{"embeddable":true,"href":"https:\/\/gsalegal.pe\/en\/wp-json\/wp\/v2\/users\/5"}],"replies":[{"embeddable":true,"href":"https:\/\/gsalegal.pe\/en\/wp-json\/wp\/v2\/comments?post=11753"}],"version-history":[{"count":0,"href":"https:\/\/gsalegal.pe\/en\/wp-json\/wp\/v2\/posts\/11753\/revisions"}],"wp:featuredmedia":[{"embeddable":true,"href":"https:\/\/gsalegal.pe\/en\/wp-json\/"}],"wp:attachment":[{"href":"https:\/\/gsalegal.pe\/en\/wp-json\/wp\/v2\/media?parent=11753"}],"wp:term":[{"taxonomy":"category","embeddable":true,"href":"https:\/\/gsalegal.pe\/en\/wp-json\/wp\/v2\/categories?post=11753"}],"curies":[{"name":"wp","href":"https:\/\/api.w.org\/{rel}","templated":true}]}}