{"id":11783,"date":"2020-07-27T16:24:17","date_gmt":"2020-07-27T21:24:17","guid":{"rendered":"http:\/\/localhost\/wordpress\/?p=11783"},"modified":"2020-07-27T16:24:17","modified_gmt":"2020-07-27T21:24:17","slug":"estado-de-emergencia-nacional-cuarentena-focalizada","status":"publish","type":"post","link":"https:\/\/gsalegal.pe\/en\/estado-de-emergencia-nacional-cuarentena-focalizada\/","title":{"rendered":"Estado de Emergencia Nacional: Cuarentena Focalizada"},"content":{"rendered":"\t\t<div data-elementor-type=\"wp-post\" data-elementor-id=\"11783\" class=\"elementor elementor-11783\">\n\t\t\t\t\t\t<section class=\"elementor-section elementor-top-section elementor-element elementor-element-244f9a0 elementor-section-boxed elementor-section-height-default elementor-section-height-default\" data-id=\"244f9a0\" data-element_type=\"section\" data-e-type=\"section\">\n\t\t\t\t\t\t<div class=\"elementor-container elementor-column-gap-default\">\n\t\t\t\t\t<div class=\"elementor-column elementor-col-100 elementor-top-column elementor-element elementor-element-6c0dca2\" data-id=\"6c0dca2\" data-element_type=\"column\" data-e-type=\"column\">\n\t\t\t<div class=\"elementor-widget-wrap elementor-element-populated\">\n\t\t\t\t\t\t<div class=\"elementor-element elementor-element-38cee0e elementor-widget elementor-widget-text-editor\" data-id=\"38cee0e\" data-element_type=\"widget\" data-e-type=\"widget\" data-widget_type=\"text-editor.default\">\n\t\t\t\t<div class=\"elementor-widget-container\">\n\t\t\t\t\t\t\t\t\t<p>Las normas referidas all Estado de Emergencia Nacional prorrogado mediante el Decreto Supremo N\u00b0116-2020-PCM hasta el 31 de julio de 2020, han sido modificadas por el Decreto Supremo N\u00b0129-2020-PCM, publicado 25 de este mes.<\/p><p>En ese sentido, la norma comentada contiene las siguientes disposiciones:<\/p><table><tbody><tr><td width=\"113\"><p><strong>Cuarentena Focalizada<\/strong><\/p><\/td><td width=\"434\"><p>&#8211;\u00a0\u00a0\u00a0\u00a0\u00a0\u00a0\u00a0 Se dispone el aislamiento social obligatorio (cuarentena) en los departamentos de Arequipa, Ica, Jun\u00edn, Hu\u00e1nuco, San Mart\u00edn, Madre de Dios y \u00c1ncash, as\u00ed como en las provincias de Cajamarca, Ja\u00e9n y San Ignacio del departamento de Cajamarca y en la de La Convenci\u00f3n en el Cusco.<\/p><p>&#8211;\u00a0\u00a0\u00a0\u00a0\u00a0\u00a0\u00a0 En dichos lugares \u00fanicamente est\u00e1 permitido el desplazamiento de las personas para la prestaci\u00f3n y acceso a servicios y bienes esenciales, as\u00ed como para la prestaci\u00f3n de servicios de las actividades econ\u00f3micas autorizadas.<\/p><\/td><\/tr><tr><td width=\"113\"><p><strong>Limitaci\u00f3n a la Libertad de Tr\u00e1nsito <\/strong><\/p><\/td><td width=\"434\"><p>&#8211;\u00a0\u00a0\u00a0\u00a0\u00a0\u00a0\u00a0 En los departamentos de Arequipa, Ica, Jun\u00edn, Hu\u00e1nuco, San Mart\u00edn, Madre de Dios y \u00c1ncash, as\u00ed como en las provincias de Cajamarca, Ja\u00e9n y San Ignacio del departamento de Cajamarca y de la provincia de La Convenci\u00f3n del departamento de Cusco, la inmovilizaci\u00f3n social obligatoria de las personas en sus domicilios rige desde las 20:00 horas hasta las 04.00 horas del d\u00eda siguiente y el domingo, la inmovilizaci\u00f3n social obligatoria es todo el d\u00eda.<\/p><\/td><\/tr><\/tbody><\/table>\t\t\t\t\t\t\t\t<\/div>\n\t\t\t\t<\/div>\n\t\t\t\t\t<\/div>\n\t\t<\/div>\n\t\t\t\t\t<\/div>\n\t\t<\/section>\n\t\t\t\t<section class=\"elementor-section elementor-top-section elementor-element elementor-element-f11e6f4 elementor-section-boxed elementor-section-height-default elementor-section-height-default\" data-id=\"f11e6f4\" data-element_type=\"section\" data-e-type=\"section\">\n\t\t\t\t\t\t<div class=\"elementor-container elementor-column-gap-default\">\n\t\t\t\t\t<div class=\"elementor-column elementor-col-100 elementor-top-column elementor-element elementor-element-deadc22\" data-id=\"deadc22\" data-element_type=\"column\" data-e-type=\"column\">\n\t\t\t<div class=\"elementor-widget-wrap elementor-element-populated\">\n\t\t\t\t\t\t<div class=\"elementor-element elementor-element-738426b elementor-widget-divider--view-line elementor-widget elementor-widget-divider\" data-id=\"738426b\" data-element_type=\"widget\" data-e-type=\"widget\" data-widget_type=\"divider.default\">\n\t\t\t\t<div class=\"elementor-widget-container\">\n\t\t\t\t\t\t\t<div class=\"elementor-divider\">\n\t\t\t<span class=\"elementor-divider-separator\">\n\t\t\t\t\t\t<\/span>\n\t\t<\/div>\n\t\t\t\t\t\t<\/div>\n\t\t\t\t<\/div>\n\t\t\t\t\t<\/div>\n\t\t<\/div>\n\t\t\t\t\t<\/div>\n\t\t<\/section>\n\t\t\t\t<section class=\"elementor-section elementor-top-section elementor-element elementor-element-adcd440 elementor-section-boxed elementor-section-height-default elementor-section-height-default\" data-id=\"adcd440\" data-element_type=\"section\" data-e-type=\"section\">\n\t\t\t\t\t\t<div class=\"elementor-container elementor-column-gap-default\">\n\t\t\t\t\t<div class=\"elementor-column elementor-col-100 elementor-top-column elementor-element elementor-element-9909628\" data-id=\"9909628\" data-element_type=\"column\" data-e-type=\"column\">\n\t\t\t<div class=\"elementor-widget-wrap elementor-element-populated\">\n\t\t\t\t\t\t<div class=\"elementor-element elementor-element-88dcfb7 elementor-widget elementor-widget-text-editor\" data-id=\"88dcfb7\" data-element_type=\"widget\" data-e-type=\"widget\" data-widget_type=\"text-editor.default\">\n\t\t\t\t<div class=\"elementor-widget-container\">\n\t\t\t\t\t\t\t\t\t<p>Para mayor informaci\u00f3n sobre el tema tratado contactarse con los abogados de nuestra \u00c1rea Laboral:<\/p><p>Alberto Varillas Cueto, Jaime Durand Planas, Macarena Morales Mailhe, Claudia Seminario G\u00f3mez, Fressia Sanchez Tu\u00f1oque, Sara Kalinicos Garc\u00eda, Jos\u00e9 Andr\u00e9s Piedra Pereira; y Grecia Elena Aldonate Pinto.<\/p>\t\t\t\t\t\t\t\t<\/div>\n\t\t\t\t<\/div>\n\t\t\t\t\t<\/div>\n\t\t<\/div>\n\t\t\t\t\t<\/div>\n\t\t<\/section>\n\t\t\t\t<section class=\"elementor-section elementor-top-section elementor-element elementor-element-b554694 elementor-section-boxed elementor-section-height-default elementor-section-height-default\" data-id=\"b554694\" data-element_type=\"section\" data-e-type=\"section\">\n\t\t\t\t\t\t<div class=\"elementor-container elementor-column-gap-default\">\n\t\t\t\t\t<div class=\"elementor-column elementor-col-100 elementor-top-column elementor-element elementor-element-231dc83\" data-id=\"231dc83\" data-element_type=\"column\" data-e-type=\"column\">\n\t\t\t<div class=\"elementor-widget-wrap elementor-element-populated\">\n\t\t\t\t\t\t<div class=\"elementor-element elementor-element-73d179c elementor-widget-divider--view-line elementor-widget elementor-widget-divider\" data-id=\"73d179c\" data-element_type=\"widget\" data-e-type=\"widget\" data-widget_type=\"divider.default\">\n\t\t\t\t<div class=\"elementor-widget-container\">\n\t\t\t\t\t\t\t<div class=\"elementor-divider\">\n\t\t\t<span class=\"elementor-divider-separator\">\n\t\t\t\t\t\t<\/span>\n\t\t<\/div>\n\t\t\t\t\t\t<\/div>\n\t\t\t\t<\/div>\n\t\t\t\t\t<\/div>\n\t\t<\/div>\n\t\t\t\t\t<\/div>\n\t\t<\/section>\n\t\t\t\t<section class=\"elementor-section elementor-top-section elementor-element elementor-element-255802e elementor-section-boxed elementor-section-height-default elementor-section-height-default\" data-id=\"255802e\" data-element_type=\"section\" data-e-type=\"section\">\n\t\t\t\t\t\t<div class=\"elementor-container elementor-column-gap-default\">\n\t\t\t\t\t<div class=\"elementor-column elementor-col-100 elementor-top-column elementor-element elementor-element-885c03b\" data-id=\"885c03b\" data-element_type=\"column\" data-e-type=\"column\">\n\t\t\t<div class=\"elementor-widget-wrap elementor-element-populated\">\n\t\t\t\t\t\t<div class=\"elementor-element elementor-element-e18f629 elementor-widget elementor-widget-text-editor\" data-id=\"e18f629\" data-element_type=\"widget\" data-e-type=\"widget\" data-widget_type=\"text-editor.default\">\n\t\t\t\t<div class=\"elementor-widget-container\">\n\t\t\t\t\t\t\t\t\t<p style=\"text-align: justify; tab-stops: 27.0pt;\"><span style=\"font-family: 'Arial Narrow',sans-serif;\">La informaci\u00f3n contenida en este documento no constituye ni pretende constituir asesor\u00eda o asistencia legal directa o indirecta de ninguna especie, ni establece ning\u00fan tipo de relaci\u00f3n profesional.\u00a0<\/span><\/p><p style=\"text-align: justify; tab-stops: 27.0pt;\"><span style=\"font-family: 'Arial Narrow',sans-serif;\">Asimismo, tampoco pretende hacer publicidad de los servicios prestados por nuestra firma ni por ninguno de sus abogados. El \u00fanico prop\u00f3sito es dar informaci\u00f3n de car\u00e1cter general respecto de temas que pueden ser de inter\u00e9s para los clientes y amigos de nuestra firma. Este informativo, as\u00ed como otros informes generales y art\u00edculos de inter\u00e9s preparados por los abogados del Estudio podr\u00e1n encontrarse en nuestra p\u00e1gina web: <u><span style=\"color: blue;\">www.garciasayan.com.pe<\/span><\/u><\/span><\/p>\t\t\t\t\t\t\t\t<\/div>\n\t\t\t\t<\/div>\n\t\t\t\t\t<\/div>\n\t\t<\/div>\n\t\t\t\t\t<\/div>\n\t\t<\/section>\n\t\t\t\t<\/div>\n\t\t","protected":false},"excerpt":{"rendered":"<p>Las normas referidas all Estado de Emergencia Nacional prorrogado mediante el Decreto Supremo N\u00b0116-2020-PCM hasta el 31 de julio de 2020, han sido modificadas por el Decreto Supremo N\u00b0129-2020-PCM, publicado 25 de este mes. En ese sentido, la norma comentada contiene las siguientes disposiciones: Cuarentena Focalizada &#8211;\u00a0\u00a0\u00a0\u00a0\u00a0\u00a0\u00a0 Se dispone el aislamiento social obligatorio (cuarentena) en [&hellip;]<\/p>\n","protected":false},"author":5,"featured_media":9631,"comment_status":"closed","ping_status":"open","sticky":false,"template":"","format":"standard","meta":{"nf_dc_page":"","content-type":"","footnotes":""},"categories":[90,37],"class_list":["post-11783","post","type-post","status-publish","format-standard","has-post-thumbnail","hentry","category-boletin-informativo","category-laboral"],"_links":{"self":[{"href":"https:\/\/gsalegal.pe\/en\/wp-json\/wp\/v2\/posts\/11783","targetHints":{"allow":["GET"]}}],"collection":[{"href":"https:\/\/gsalegal.pe\/en\/wp-json\/wp\/v2\/posts"}],"about":[{"href":"https:\/\/gsalegal.pe\/en\/wp-json\/wp\/v2\/types\/post"}],"author":[{"embeddable":true,"href":"https:\/\/gsalegal.pe\/en\/wp-json\/wp\/v2\/users\/5"}],"replies":[{"embeddable":true,"href":"https:\/\/gsalegal.pe\/en\/wp-json\/wp\/v2\/comments?post=11783"}],"version-history":[{"count":0,"href":"https:\/\/gsalegal.pe\/en\/wp-json\/wp\/v2\/posts\/11783\/revisions"}],"wp:featuredmedia":[{"embeddable":true,"href":"https:\/\/gsalegal.pe\/en\/wp-json\/"}],"wp:attachment":[{"href":"https:\/\/gsalegal.pe\/en\/wp-json\/wp\/v2\/media?parent=11783"}],"wp:term":[{"taxonomy":"category","embeddable":true,"href":"https:\/\/gsalegal.pe\/en\/wp-json\/wp\/v2\/categories?post=11783"}],"curies":[{"name":"wp","href":"https:\/\/api.w.org\/{rel}","templated":true}]}}