{"id":11800,"date":"2020-07-30T15:46:51","date_gmt":"2020-07-30T20:46:51","guid":{"rendered":"http:\/\/localhost\/wordpress\/?p=11800"},"modified":"2020-07-30T15:46:51","modified_gmt":"2020-07-30T20:46:51","slug":"decreto-supremo-que-modifica-el-reglamento-de-proteccion-ambiental-para-las-actividades-de-exploracion-minera","status":"publish","type":"post","link":"https:\/\/gsalegal.pe\/en\/decreto-supremo-que-modifica-el-reglamento-de-proteccion-ambiental-para-las-actividades-de-exploracion-minera\/","title":{"rendered":"Decreto Supremo que modifica el Reglamento de Protecci\u00f3n Ambiental para las Actividades de Exploraci\u00f3n Minera"},"content":{"rendered":"\t\t<div data-elementor-type=\"wp-post\" data-elementor-id=\"11800\" class=\"elementor elementor-11800\">\n\t\t\t\t\t\t<section class=\"elementor-section elementor-top-section elementor-element elementor-element-6fbb7ca elementor-section-boxed elementor-section-height-default elementor-section-height-default\" data-id=\"6fbb7ca\" data-element_type=\"section\" data-e-type=\"section\">\n\t\t\t\t\t\t<div class=\"elementor-container elementor-column-gap-default\">\n\t\t\t\t\t<div class=\"elementor-column elementor-col-100 elementor-top-column elementor-element elementor-element-bf06b15\" data-id=\"bf06b15\" data-element_type=\"column\" data-e-type=\"column\">\n\t\t\t<div class=\"elementor-widget-wrap elementor-element-populated\">\n\t\t\t\t\t\t<div class=\"elementor-element elementor-element-eae35c7 elementor-widget elementor-widget-text-editor\" data-id=\"eae35c7\" data-element_type=\"widget\" data-e-type=\"widget\" data-widget_type=\"text-editor.default\">\n\t\t\t\t<div class=\"elementor-widget-container\">\n\t\t\t\t\t\t\t\t\t<p>El 30 de julio de 2020, el Ministerio de Energ\u00eda y Minas (en adelante, el \u201cMINEM\u201d), a trav\u00e9s del Decreto Supremo N\u00b0 019-2020-EM, modific\u00f3 el Reglamento de Protecci\u00f3n Ambiental para las Actividades de Exploraci\u00f3n Minera. En este sentido, algunas de las modificaciones son las siguientes:<\/p><table><tbody><tr><td width=\"66\"><p>Art\u00edculo<\/p><\/td><td width=\"523\"><p>Modificaci\u00f3n<\/p><\/td><\/tr><tr><td width=\"66\"><p>8.a) del T\u00edtulo Preliminar<\/p><\/td><td width=\"523\"><p>Componente Principal de la Etapa de Exploraci\u00f3n:<\/p><p>Son aquellos relacionados directamente con la determinaci\u00f3n de las dimensiones y caracter\u00edsticas mineral\u00f3gicas y geol\u00f3gicas del yacimiento minero, tales como: <em>plataformas, trincheras y labores subterr\u00e1neas<\/em>.<\/p><\/td><\/tr><tr><td width=\"66\"><p>6\u00b0<\/p><p>Proyectos vinculados<\/p><\/td><td width=\"523\"><p><em>Para efectos de la presente disposici\u00f3n, salvo prueba en contrario, dos o m\u00e1s proyectos estar\u00e1n en la misma zona si se presentan los siguientes supuestos de manera conjunta o individual, en atenci\u00f3n a cada caso en particular: 1) Se ubican en el mismo \u00e1mbito de las microcuencas hidrogr\u00e1ficas, 2) La presencia de un proyecto genera impactos ambientales sin\u00e9rgicos o acumulativos en el otro, 3) El yacimiento tiene caracter\u00edsticas geol\u00f3gicas similares<\/em>.<\/p><\/td><\/tr><tr><td width=\"66\"><p>10\u00b0<\/p><p>Actividades de cateo y prospecci\u00f3n<\/p><p>\u00a0<\/p><\/td><td width=\"523\"><p>10.1. Las actividades de cateo y prospecci\u00f3n, tales como estudios geol\u00f3gicos, geof\u00edsicos, geot\u00e9cnicos, geoqu\u00edmicos, levantamientos topogr\u00e1ficos, recolecci\u00f3n de peque\u00f1as cantidades de muestras de rocas y minerales de superficie <em>a trav\u00e9s de canales, calicatas, implementaci\u00f3n de trincheras y otras t\u00e9cnicas similares<\/em>, utiliz\u00e1ndose en estas actividades mineras instrumentos o equipos que pueden ser transportados sin causar mayor alteraci\u00f3n que la originada por el tr\u00e1nsito ordinario de personas y veh\u00edculos menores, no requieren contar con la Certificaci\u00f3n Ambiental antes de su inicio. Este tipo de estudios no involucran perforaciones.<\/p><\/td><\/tr><tr><td width=\"66\"><p>21\u00b0<\/p><p>Manejo y protecci\u00f3n de los cuerpos de agua superficial y subterr\u00e1nea<\/p><p>\u00a0<\/p><\/td><td width=\"523\"><p>21.1. La intersecci\u00f3n de aguas subterr\u00e1neas debe ser registrada y comunicada, <em>en un plazo no mayor de cuarenta y ocho horas de ocurrido<\/em>, <em>v\u00eda plataforma inform\u00e1tica a la Autoridad Competente, quien correr\u00e1 traslado a las entidades que corresponda<\/em>.<\/p><p>21.2. En caso de proyectos de exploraci\u00f3n minera, que hubieran considerado ubicaci\u00f3n de componentes a m\u00e1s de cincuenta (50) metros de un cuerpo de agua, en el marco de la aprobaci\u00f3n de la Ficha T\u00e9cnica Ambiental (FTA), durante la ejecuci\u00f3n del proyecto deben mantener dicha distancia.<\/p><p>21.3. En las perforaciones ubicadas a menos de cincuenta (50) metros de un cuerpo de agua, bofedales, canal de conducci\u00f3n, los taladros deben encontrarse perpendiculares al sitio de perforaci\u00f3n o en direcci\u00f3n opuesta al cuerpo de agua.<\/p><p>21.4. El agua utilizada durante la perforaci\u00f3n debe ser recirculada constituyendo un circuito cerrado evitando la generaci\u00f3n de efluentes.<\/p><p>21.5. En el caso que la perforaci\u00f3n intersecte un cuerpo de agua subterr\u00e1nea, se debe detener la perforaci\u00f3n e iniciar el proceso de obturaci\u00f3n de manera inmediata.<\/p><\/td><\/tr><tr><td width=\"66\"><p>60\u00b0<\/p><p>Obligaci\u00f3n de cierre<\/p><\/td><td width=\"523\"><p>60.1. El\/La Titular Minero\/a debe ejecutar las medidas de cierre progresivo, cierre final y post-cierre que corresponda, as\u00ed como las medidas de control y mitigaci\u00f3n para periodos de suspensi\u00f3n o paralizaci\u00f3n de actividades, de acuerdo con el Estudio Ambiental o la FTA aprobado por la Autoridad Competente; siempre y cuando sea posible acceder al \u00e1rea.<\/p><p>60.2. En caso se impida el ingreso a la zona por motivos ajenos al\/a la Titular Minero\/a, este hecho se debe poner en conocimiento de la Direcci\u00f3n General de Miner\u00eda, la Autoridad Competente, el Osinergmin y el OEFA, v\u00eda plataforma inform\u00e1tica.<\/p><p>60.3. Las \u00e1reas a rehabilitar ser\u00e1n aquellas afectadas por las actividades realizadas, excepto aquellas ocupadas por obras que tendr\u00e1n uso futuro, las que deber\u00e1n ser debidamente justificadas con anterioridad al cierre, y en cuyo caso, se implementar\u00e1 alguna medida de compensaci\u00f3n <em>propuesta por el titular<\/em>, <em>la misma que ser\u00e1 comunicada a la autoridad ambiental.<\/em><\/p><\/td><\/tr><tr><td width=\"66\"><p>62\u00b0<\/p><p>Exclusi\u00f3n de cierre de labores<\/p><\/td><td width=\"523\"><p>62.1. Pueden ser excluidas del cierre de labores todos aquellos componentes auxiliares <em>y\/o plataformas<\/em> sobre los cuales la comunidad campesina, el gobierno local, regional o nacional, tengan intenci\u00f3n de dar uso para fines de inter\u00e9s p\u00fablico o cuando un tercero, v\u00eda contrato civil, tuviera inter\u00e9s de seguir usando.<\/p><p>62.2. Para tal efecto, el\/la Titular Minero\/a debe comunicar previo a las labores de cierre (seg\u00fan su cronograma aprobado), v\u00eda Sistema de Evaluaci\u00f3n Ambiental en L\u00ednea, la intenci\u00f3n de exceptuar el cierre de labores de dichos componentes auxiliares <em>y\/o de las plataformas<\/em>, acompa\u00f1ando a tal comunicaci\u00f3n la documentaci\u00f3n que respalde su requerimiento, as\u00ed como una declaraci\u00f3n jurada, debidamente suscrita por el solicitante y futuro responsable de las obligaciones ambientales, en la que se indique expresamente que \u00e9ste conoce los alcances administrativos, civiles y penales que asume como responsable de los componentes que solicita se except\u00fae del cierre y que, adem\u00e1s, conoce la normativa referida a responsabilidad legal ambiental.<\/p><p>62.3. El Minem, determinar\u00e1 previa evaluaci\u00f3n si la transferencia procede o no.<\/p><p>62.4. La exclusi\u00f3n de cierre de labores libera al\/a la Titular Minero\/a de la responsabilidad ambiental sobre dichos componentes.<\/p><p>62.5. En caso se hayan constituido garant\u00edas, de acuerdo a lo establecido en el Reglamento de Cierre de Minas, los montos ser\u00e1n detra\u00eddos de las mismas.<\/p><p>62.6. Los componentes que pueden ser excluidos no deber\u00e1n generar perjuicios ambientales, ni a la salud p\u00fablica de las personas.<\/p><\/td><\/tr><\/tbody><\/table>\t\t\t\t\t\t\t\t<\/div>\n\t\t\t\t<\/div>\n\t\t\t\t\t<\/div>\n\t\t<\/div>\n\t\t\t\t\t<\/div>\n\t\t<\/section>\n\t\t\t\t<section class=\"elementor-section elementor-top-section elementor-element elementor-element-b20e45c elementor-section-boxed elementor-section-height-default elementor-section-height-default\" data-id=\"b20e45c\" data-element_type=\"section\" data-e-type=\"section\">\n\t\t\t\t\t\t<div class=\"elementor-container elementor-column-gap-default\">\n\t\t\t\t\t<div class=\"elementor-column elementor-col-100 elementor-top-column elementor-element elementor-element-37a4bed\" data-id=\"37a4bed\" data-element_type=\"column\" data-e-type=\"column\">\n\t\t\t<div class=\"elementor-widget-wrap elementor-element-populated\">\n\t\t\t\t\t\t<div class=\"elementor-element elementor-element-3c77d57 elementor-widget-divider--view-line elementor-widget elementor-widget-divider\" data-id=\"3c77d57\" data-element_type=\"widget\" data-e-type=\"widget\" data-widget_type=\"divider.default\">\n\t\t\t\t<div class=\"elementor-widget-container\">\n\t\t\t\t\t\t\t<div class=\"elementor-divider\">\n\t\t\t<span class=\"elementor-divider-separator\">\n\t\t\t\t\t\t<\/span>\n\t\t<\/div>\n\t\t\t\t\t\t<\/div>\n\t\t\t\t<\/div>\n\t\t\t\t\t<\/div>\n\t\t<\/div>\n\t\t\t\t\t<\/div>\n\t\t<\/section>\n\t\t\t\t<section class=\"elementor-section elementor-top-section elementor-element elementor-element-cb9f618 elementor-section-boxed elementor-section-height-default elementor-section-height-default\" data-id=\"cb9f618\" data-element_type=\"section\" data-e-type=\"section\">\n\t\t\t\t\t\t<div class=\"elementor-container elementor-column-gap-default\">\n\t\t\t\t\t<div class=\"elementor-column elementor-col-100 elementor-top-column elementor-element elementor-element-79c88d1\" data-id=\"79c88d1\" data-element_type=\"column\" data-e-type=\"column\">\n\t\t\t<div class=\"elementor-widget-wrap elementor-element-populated\">\n\t\t\t\t\t\t<div class=\"elementor-element elementor-element-685a83b elementor-widget elementor-widget-text-editor\" data-id=\"685a83b\" data-element_type=\"widget\" data-e-type=\"widget\" data-widget_type=\"text-editor.default\">\n\t\t\t\t<div class=\"elementor-widget-container\">\n\t\t\t\t\t\t\t\t\t<p>Para m\u00e1s informaci\u00f3n sobre los temas tratados contactarse con los abogados de nuestra \u00c1rea de Recursos Naturales y Medio Ambiente:<\/p><p>Jos\u00e9 Miguel Morales Dasso, Alberto Varillas Cueto, Edgardo Portaro van Oordt, Felipe Del \u00c1guila, Samantha Boy Roca y Jos\u00e9 Castillo.<\/p>\t\t\t\t\t\t\t\t<\/div>\n\t\t\t\t<\/div>\n\t\t\t\t\t<\/div>\n\t\t<\/div>\n\t\t\t\t\t<\/div>\n\t\t<\/section>\n\t\t\t\t<section class=\"elementor-section elementor-top-section elementor-element elementor-element-64debce elementor-section-boxed elementor-section-height-default elementor-section-height-default\" data-id=\"64debce\" data-element_type=\"section\" data-e-type=\"section\">\n\t\t\t\t\t\t<div class=\"elementor-container elementor-column-gap-default\">\n\t\t\t\t\t<div class=\"elementor-column elementor-col-100 elementor-top-column elementor-element elementor-element-b3a1237\" data-id=\"b3a1237\" data-element_type=\"column\" data-e-type=\"column\">\n\t\t\t<div class=\"elementor-widget-wrap elementor-element-populated\">\n\t\t\t\t\t\t<div class=\"elementor-element elementor-element-6e40b17 elementor-widget-divider--view-line elementor-widget elementor-widget-divider\" data-id=\"6e40b17\" data-element_type=\"widget\" data-e-type=\"widget\" data-widget_type=\"divider.default\">\n\t\t\t\t<div class=\"elementor-widget-container\">\n\t\t\t\t\t\t\t<div class=\"elementor-divider\">\n\t\t\t<span class=\"elementor-divider-separator\">\n\t\t\t\t\t\t<\/span>\n\t\t<\/div>\n\t\t\t\t\t\t<\/div>\n\t\t\t\t<\/div>\n\t\t\t\t\t<\/div>\n\t\t<\/div>\n\t\t\t\t\t<\/div>\n\t\t<\/section>\n\t\t\t\t<section class=\"elementor-section elementor-top-section elementor-element elementor-element-d5198c1 elementor-section-boxed elementor-section-height-default elementor-section-height-default\" data-id=\"d5198c1\" data-element_type=\"section\" data-e-type=\"section\">\n\t\t\t\t\t\t<div class=\"elementor-container elementor-column-gap-default\">\n\t\t\t\t\t<div class=\"elementor-column elementor-col-100 elementor-top-column elementor-element elementor-element-89fe1a6\" data-id=\"89fe1a6\" data-element_type=\"column\" data-e-type=\"column\">\n\t\t\t<div class=\"elementor-widget-wrap elementor-element-populated\">\n\t\t\t\t\t\t<div class=\"elementor-element elementor-element-7f43f84 elementor-widget elementor-widget-text-editor\" data-id=\"7f43f84\" data-element_type=\"widget\" data-e-type=\"widget\" data-widget_type=\"text-editor.default\">\n\t\t\t\t<div class=\"elementor-widget-container\">\n\t\t\t\t\t\t\t\t\t<p style=\"margin-bottom: .0001pt; text-align: justify; line-height: normal; mso-layout-grid-align: none; text-autospace: none;\"><span style=\"font-family: 'Arial Narrow',sans-serif; mso-bidi-font-family: ArialNarrow; color: #818181;\">La informaci\u00f3n contenida en este documento no constituye ni pretende constituir asesor\u00eda o asistencia legal directa o indirecta de ninguna especie, ni establece ning\u00fan tipo de relaci\u00f3n profesional.<\/span><\/p><p>\u00a0<\/p><p style=\"margin-bottom: .0001pt; text-align: justify; line-height: normal; mso-layout-grid-align: none; text-autospace: none;\"><span style=\"font-family: 'Arial Narrow',sans-serif; mso-bidi-font-family: ArialNarrow; color: #818181;\">Asimismo, tampoco pretende hacer publicidad de los servicios prestados por nuestra firma ni por ninguno de sus abogados. El \u00fanico prop\u00f3sito es dar informaci\u00f3n de car\u00e1cter general respecto de temas que pueden ser de inter\u00e9s para los clientes y amigos de nuestra firma. Este informativo, as\u00ed como otros informes generales y art\u00edculos de inter\u00e9s preparados por los abogados del Estudio podr\u00e1n encontrarse en nuestra p\u00e1gina web:\u00a0<\/span><a style=\"background-color: #ffffff;\" href=\"http:\/\/localhost\/wordpress.pe\" target=\"_blank\" rel=\"noopener\">www.garciasayan.com.pe<\/a><\/p>\t\t\t\t\t\t\t\t<\/div>\n\t\t\t\t<\/div>\n\t\t\t\t\t<\/div>\n\t\t<\/div>\n\t\t\t\t\t<\/div>\n\t\t<\/section>\n\t\t\t\t<\/div>\n\t\t","protected":false},"excerpt":{"rendered":"<p>El 30 de julio de 2020, el Ministerio de Energ\u00eda y Minas (en adelante, el \u201cMINEM\u201d), a trav\u00e9s del Decreto Supremo N\u00b0 019-2020-EM, modific\u00f3 el Reglamento de Protecci\u00f3n Ambiental para las Actividades de Exploraci\u00f3n Minera. En este sentido, algunas de las modificaciones son las siguientes: Art\u00edculo Modificaci\u00f3n 8.a) del T\u00edtulo Preliminar Componente Principal de la [&hellip;]<\/p>\n","protected":false},"author":5,"featured_media":11254,"comment_status":"closed","ping_status":"open","sticky":false,"template":"","format":"standard","meta":{"nf_dc_page":"","content-type":"","footnotes":""},"categories":[90,79],"class_list":["post-11800","post","type-post","status-publish","format-standard","has-post-thumbnail","hentry","category-boletin-informativo","category-recursos-naturales"],"_links":{"self":[{"href":"https:\/\/gsalegal.pe\/en\/wp-json\/wp\/v2\/posts\/11800","targetHints":{"allow":["GET"]}}],"collection":[{"href":"https:\/\/gsalegal.pe\/en\/wp-json\/wp\/v2\/posts"}],"about":[{"href":"https:\/\/gsalegal.pe\/en\/wp-json\/wp\/v2\/types\/post"}],"author":[{"embeddable":true,"href":"https:\/\/gsalegal.pe\/en\/wp-json\/wp\/v2\/users\/5"}],"replies":[{"embeddable":true,"href":"https:\/\/gsalegal.pe\/en\/wp-json\/wp\/v2\/comments?post=11800"}],"version-history":[{"count":0,"href":"https:\/\/gsalegal.pe\/en\/wp-json\/wp\/v2\/posts\/11800\/revisions"}],"wp:featuredmedia":[{"embeddable":true,"href":"https:\/\/gsalegal.pe\/en\/wp-json\/"}],"wp:attachment":[{"href":"https:\/\/gsalegal.pe\/en\/wp-json\/wp\/v2\/media?parent=11800"}],"wp:term":[{"taxonomy":"category","embeddable":true,"href":"https:\/\/gsalegal.pe\/en\/wp-json\/wp\/v2\/categories?post=11800"}],"curies":[{"name":"wp","href":"https:\/\/api.w.org\/{rel}","templated":true}]}}